{"id":193304,"date":"2015-11-18T18:26:16","date_gmt":"2015-11-18T17:26:16","guid":{"rendered":"http:\/\/www.pcnen.com\/portal\/?p=193304"},"modified":"2015-11-18T18:26:16","modified_gmt":"2015-11-18T17:26:16","slug":"biciklisticki-izlet-u-gent","status":"publish","type":"post","link":"https:\/\/www.pcnen.com\/portal\/2015\/11\/18\/biciklisticki-izlet-u-gent\/","title":{"rendered":"Biciklisti\u010dki izlet u Gent"},"content":{"rendered":"<p>Dobra stvar kod prou\u010davanja gradova je \u0161to se zbilja mnogo putuje \u2013 mora se, obavezno je, pa ako istra\u017eiva\u010di u putovanju u\u017eivaju dobro i jest&#8217;, ali je to svakako samo sporedni efekat. Analiza zapo\u010dinje \u0161etnjom: treba da osjetite geografiju prostora, kako nam je jednom u Parizu rekao profesor, dok se na \u010delu kolone peo uz Monmartr. U Belgiji smo tako po zadatku \u0161etali po Briselu, Antverpenu, Bri\u017eu i Lje\u017eu \u2013 a Gent smo obi\u0161li na biciklu. U onih nekoliko dana pripreme za put univerzitetski administratori ispitivali su umijemo li uop\u0161te da vozimo biciklo \u2013 nas 24, stigli iz 22 zemlje, a mo\u017eete misliti kako se odgoj po pitanju gradskog bicikliranja razlikuje po svijetu, od Meksika do Pakistana. Utvr\u0111eno je da se ve\u0107ina snalazi, pa smo se otisnuli u avanturu.<\/p>\n<div id=\"attachment_193311\" style=\"width: 460px\" class=\"wp-caption aligncenter\"><a href=\"http:\/\/www.pcnen.com\/portal\/wp-content\/uploads\/2015\/11\/gent-Bicikla-na-zeljeznickoj-01.jpeg\"><img loading=\"lazy\" decoding=\"async\" aria-describedby=\"caption-attachment-193311\" class=\"size-large wp-image-193311\" src=\"http:\/\/www.pcnen.com\/portal\/wp-content\/uploads\/2015\/11\/gent-Bicikla-na-zeljeznickoj-01-450x338.jpeg\" alt=\"Gent: parking na \u017eeljezni\u010dkoj stanici\" width=\"450\" height=\"338\" \/><\/a><p id=\"caption-attachment-193311\" class=\"wp-caption-text\">Gent: parking na \u017eeljezni\u010dkoj stanici<\/p><\/div>\n<p>Voz od Brisela do Genta putuje tek ne\u0161to preko sat vremena; ipak, da smo sudili po prostoru i infrastrukturi posve\u0107enim biciklistima u ova dva grada, mogli smo zaklju\u010diti da se nalaze na dva kraja kontinenta \u2013 \u00a0i da je Gent na onom naprednijem kraju. Na \u017eeljezni\u010dkoj nas je do\u010dekao paking kakav do tad nijesam vidjela, sa mno\u0161tvom\u00a0bicikala pore\u0111anih jedno uz drugo. Kroz tu metalnu \u0161umu na\u0111osmo puti\u0107 do vrata ne\u010dega nalik kancelariji, odakle nam izvedo\u0161e bicikla koja \u0107emo iznajmiti za taj dan. Bila su sva ista, uglavnom crvena, za gradsku vo\u017enju, i iznajmiti ih nije bilo skupo. Kako smo se okupili spremni za pokret, lokalni aktivista i jedan od na\u0161ih vodi\u010da kroz Gent upozorio nas je na tramvajske \u0161ine, ponegdje isprepletane sa biciklisti\u010dkim stazama: \u201eMogu biti opasne ako to\u010dak bicikla upadne i zaglavi se izme\u0111u njih \u2013 tako sam ja pao i slomio ruku, tek sam se prije par nedjelja potpuno oporavio\u201c. Eto, i iskusni biciklisti u gradu koji ima iskustva sa biciklistima padnu i slome se. Krenusmo odatle.<\/p>\n<div id=\"attachment_193312\" style=\"width: 460px\" class=\"wp-caption aligncenter\"><a href=\"http:\/\/www.pcnen.com\/portal\/wp-content\/uploads\/2015\/11\/Gent-bicikla-01.jpeg\"><img loading=\"lazy\" decoding=\"async\" aria-describedby=\"caption-attachment-193312\" class=\"size-large wp-image-193312\" src=\"http:\/\/www.pcnen.com\/portal\/wp-content\/uploads\/2015\/11\/Gent-bicikla-01-450x338.jpeg\" alt=\"\u010cas u gradu, na biciklu\" width=\"450\" height=\"338\" \/><\/a><p id=\"caption-attachment-193312\" class=\"wp-caption-text\">\u010cas u gradu, na biciklu<\/p><\/div>\n<p>Tokom dana smo obi\u0161li nekoliko mjesnih zajednica, STAM muzej, park koji su od opasnosti nove gradnje i upornog korova spasili gra\u0111ani i obalu rijeke Leje oko koje je nare\u0111an centar grada. Ba\u0161 odatle, sa oboda kanala, nedugo prije na\u0161e posjete sklonjen je parking za automobile \u2013 prije no su ga ukinuli, u skup\u0161tini Genta zvali su ga \u201eparking sa najljep\u0161im pogledom u Evropi\u201c. Ako se parking prostor i smanjuje, mjesta za bicikliste i pje\u0161ake ima. Mre\u017ea biciklisti\u010dkih staza dobro je povezana, a trake se nastavljaju i van urbanih zona i tako sklapaju \u0161emu za vo\u017enje oko Genta, na koje lokalna turisti\u010dka organizacija \u010desto po\u0161alje turiste. Interaktivnu, zanimljivu \u2013 i, ako ste kojim slu\u010dajem krenuli u Gent, vrlo korisnu \u2013 mapu staza sa planerom biciklisti\u010dkih ruta mo\u017eete pogledati <a href=\"http:\/\/fietsrouteplanner.gentfietst.be\/index.html?language=en_US\">ovdje<\/a>.<\/p>\n<div id=\"attachment_193313\" style=\"width: 460px\" class=\"wp-caption aligncenter\"><a href=\"http:\/\/www.pcnen.com\/portal\/wp-content\/uploads\/2015\/11\/gent-bivsi-parking-01.jpeg\"><img loading=\"lazy\" decoding=\"async\" aria-describedby=\"caption-attachment-193313\" class=\"size-large wp-image-193313\" src=\"http:\/\/www.pcnen.com\/portal\/wp-content\/uploads\/2015\/11\/gent-bivsi-parking-01-450x338.jpeg\" alt=\"Biv\u0161e parkirali\u0161te u centru Genta\" width=\"450\" height=\"338\" \/><\/a><p id=\"caption-attachment-193313\" class=\"wp-caption-text\">Biv\u0161e parkirali\u0161te u centru Genta<\/p><\/div>\n<p>Smi\u0161ljanje na\u010dina da se prevoz u\u010dini \u010distijim a \u0161to vi\u0161e automobila izbaci iz svakodnevne upotrebe se\u017ee dalje od rada na pobolj\u0161anju infrastrukture: na primjer, grad nov\u010dano podr\u017eava gra\u0111ane koje ho\u0107e da kupe teretno biciklo, bilo da su organizovani kao nevladino udru\u017eenje ili kao skup\u0161tina stanara. Ve\u0107 par godina aktivan je i <a href=\"http:\/\/www.bakfietsdelenrabot.be\/\">servis<\/a> koji onima\u00a0koji ne \u017eele da posjeduju ili nemaju gdje da \u010duvaju ovakvo biciklo omogu\u0107ava da ga iznajme po simboli\u010dnoj cijeni. I organizacija koja stoji iza ove ideje dobila je podr\u0161ku grada u okviru projekta \u201cWijk aan Zet\u201d (pribli\u017ean prevod: \u201ePotez va\u0161e zajednice\u201c) preko kog op\u0161tinske vlasti poma\u017eu realizaciju dobrih ideja gra\u0111anskih udru\u017eenja. Vlast u Gentu, ina\u010de, \u010dini koalicija socijaldemokrata i partije zelenih; za Kancelariju za kulturu odvaja se oko 6% gradskog bud\u017eeta \u2013 \u0161to je 2012. bilo skoro 40 miliona eura \u2013 a jedan od va\u017enih razvojnih ciljeva je da svi \u010dlanovi zajednice imaju pristup kulturnim sadr\u017eajima, a da oni koji to \u017eele mogu te sadr\u017eaje nesmetano da stvaraju. I iza servisa za zajedni\u010dko kori\u0161\u0107enje teretnih bicikala izviruje ta ideja: da sredstva za rad (u ovom slu\u010daju, prevoz) budu dostupna svima po vrlo povoljnim uslovima,\u00a0i istovremeno vode ka tje\u0161njem povezivanju zajednice.<\/p>\n<div id=\"attachment_193314\" style=\"width: 460px\" class=\"wp-caption aligncenter\"><a href=\"http:\/\/www.pcnen.com\/portal\/wp-content\/uploads\/2015\/11\/gent-biciklista-01.jpeg\"><img loading=\"lazy\" decoding=\"async\" aria-describedby=\"caption-attachment-193314\" class=\"size-large wp-image-193314\" src=\"http:\/\/www.pcnen.com\/portal\/wp-content\/uploads\/2015\/11\/gent-biciklista-01-450x338.jpeg\" alt=\"Pje\u0161a\u0107ka i biciklisti\u010dka zona nijesu strogo razdvojene\" width=\"450\" height=\"338\" srcset=\"https:\/\/www.pcnen.com\/portal\/wp-content\/uploads\/2015\/11\/gent-biciklista-01-450x338.jpeg 450w, https:\/\/www.pcnen.com\/portal\/wp-content\/uploads\/2015\/11\/gent-biciklista-01-300x225.jpeg 300w, https:\/\/www.pcnen.com\/portal\/wp-content\/uploads\/2015\/11\/gent-biciklista-01-480x360.jpeg 480w, https:\/\/www.pcnen.com\/portal\/wp-content\/uploads\/2015\/11\/gent-biciklista-01-235x176.jpeg 235w, https:\/\/www.pcnen.com\/portal\/wp-content\/uploads\/2015\/11\/gent-biciklista-01-75x56.jpeg 75w, https:\/\/www.pcnen.com\/portal\/wp-content\/uploads\/2015\/11\/gent-biciklista-01-350x263.jpeg 350w, https:\/\/www.pcnen.com\/portal\/wp-content\/uploads\/2015\/11\/gent-biciklista-01-220x165.jpeg 220w, https:\/\/www.pcnen.com\/portal\/wp-content\/uploads\/2015\/11\/gent-biciklista-01-900x675.jpeg 900w\" sizes=\"(max-width: 450px) 100vw, 450px\" \/><\/a><p id=\"caption-attachment-193314\" class=\"wp-caption-text\">Pje\u0161a\u0107ka i biciklisti\u010dka zona nijesu strogo razdvojene<\/p><\/div>\n<p>Prva biciklisti\u010dka ekskurzija na\u0161e grupe pro\u0161la je prili\u010dno dobro, bez nezgoda neiskusnih \u2013 ako zanemarimo upalu mi\u0161i\u0107a. U Gentu smo imali dovoljno prostora da vozimo i parkiramo bicikla i lak pristup svim ulicama, zgradama, obalama i gradskim livadama koje su nas zanimale. Kako to jednostavno zvu\u010di \u2013 a kako je te\u0161ko dosti\u0107i taj nivo.<\/p>\n<div id=\"attachment_193315\" style=\"width: 460px\" class=\"wp-caption aligncenter\"><a href=\"http:\/\/www.pcnen.com\/portal\/wp-content\/uploads\/2015\/11\/Gent-preko-\u0161ina-01.jpeg\"><img loading=\"lazy\" decoding=\"async\" aria-describedby=\"caption-attachment-193315\" class=\"size-large wp-image-193315\" src=\"http:\/\/www.pcnen.com\/portal\/wp-content\/uploads\/2015\/11\/Gent-preko-\u0161ina-01-450x322.jpeg\" alt=\"Saobra\u0107aj, i skoro svi njegovi u\u010desnici\" width=\"450\" height=\"322\" \/><\/a><p id=\"caption-attachment-193315\" class=\"wp-caption-text\">Saobra\u0107aj, i skoro svi njegovi u\u010desnici<\/p><\/div>\n","protected":false},"excerpt":{"rendered":"<p>Dobra stvar kod prou\u010davanja gradova je \u0161to se zbilja mnogo putuje \u2013 mora se, obavezno je, pa ako istra\u017eiva\u010di u putovanju u\u017eivaju dobro i jest&#8217;, ali je to svakako samo sporedni efekat. Analiza zapo\u010dinje \u0161etnjom: treba da osjetite geografiju prostora, kako nam je jednom u Parizu rekao profesor, dok se na \u010delu kolone peo uz [&hellip;]<\/p>\n","protected":false},"author":3251,"featured_media":0,"comment_status":"open","ping_status":"closed","sticky":false,"template":"","format":"standard","meta":{"_seopress_robots_primary_cat":"","_seopress_titles_title":"","_seopress_titles_desc":"","_seopress_robots_index":"","_et_pb_use_builder":"","_et_pb_old_content":"","_et_gb_content_width":"","inline_featured_image":false,"footnotes":""},"categories":[17],"tags":[],"class_list":["post-193304","post","type-post","status-publish","format-standard","hentry","category-blogovi"],"_links":{"self":[{"href":"https:\/\/www.pcnen.com\/portal\/wp-json\/wp\/v2\/posts\/193304","targetHints":{"allow":["GET"]}}],"collection":[{"href":"https:\/\/www.pcnen.com\/portal\/wp-json\/wp\/v2\/posts"}],"about":[{"href":"https:\/\/www.pcnen.com\/portal\/wp-json\/wp\/v2\/types\/post"}],"author":[{"embeddable":true,"href":"https:\/\/www.pcnen.com\/portal\/wp-json\/wp\/v2\/users\/3251"}],"replies":[{"embeddable":true,"href":"https:\/\/www.pcnen.com\/portal\/wp-json\/wp\/v2\/comments?post=193304"}],"version-history":[{"count":0,"href":"https:\/\/www.pcnen.com\/portal\/wp-json\/wp\/v2\/posts\/193304\/revisions"}],"wp:attachment":[{"href":"https:\/\/www.pcnen.com\/portal\/wp-json\/wp\/v2\/media?parent=193304"}],"wp:term":[{"taxonomy":"category","embeddable":true,"href":"https:\/\/www.pcnen.com\/portal\/wp-json\/wp\/v2\/categories?post=193304"},{"taxonomy":"post_tag","embeddable":true,"href":"https:\/\/www.pcnen.com\/portal\/wp-json\/wp\/v2\/tags?post=193304"}],"curies":[{"name":"wp","href":"https:\/\/api.w.org\/{rel}","templated":true}]}}