{"id":193175,"date":"2015-11-17T07:39:30","date_gmt":"2015-11-17T06:39:30","guid":{"rendered":"http:\/\/www.pcnen.com\/portal\/?p=193175"},"modified":"2015-11-17T07:39:30","modified_gmt":"2015-11-17T06:39:30","slug":"osumnjiceni-bivsi-celnici-crnogorskog-telekoma","status":"publish","type":"post","link":"https:\/\/www.pcnen.com\/portal\/2015\/11\/17\/osumnjiceni-bivsi-celnici-crnogorskog-telekoma\/","title":{"rendered":"Osumnji\u010deni biv\u0161i \u010delnici crnogorskog Telekoma"},"content":{"rendered":"<p>Biv\u0161i \u010delnici crnogorskog Telekoma Oleg Obradovi\u0107 i Miodrag Ivanovi\u0107 osumnji\u010deni su da su nezakonito pribavili sebi i drugima 2.300.000 eura tokom privatizacije te kompanije. Njih dvojicu tu\u017eila\u0161tvo sumnji\u010di da su kao saizvr\u0161ioci izvr\u0161ili krivi\u010dno djelo &#8211; zloupotreba polo\u017eaja u privrednom poslovanju.<\/p>\n<p>Njihov branilac, advokat Zoran Piperovi\u0107, je kazao da su njegovi klijenti odgovorili na sva pitanja specijalnog tu\u017eioca Sa\u0161a \u010ca\u0111enovi\u0107 \u201ci vrlo argumentovano, ta\u010dno i ubjedljivo negirali navode iz dispozitiva\u201d, izvje\u0161tavaju <a href=\"http:\/\/www.vijesti.me\/vijesti\/od-privatizacije-telekoma-uzeli-2300000-eura-860960\" target=\"_blank\">Vijesti na svom portalu.<\/a><\/p>\n","protected":false},"excerpt":{"rendered":"<p>Biv\u0161i \u010delnici crnogorskog Telekoma Oleg Obradovi\u0107 i Miodrag Ivanovi\u0107 osumnji\u010deni su da su nezakonito pribavili sebi i drugima 2.300.000 eura tokom privatizacije te kompanije. Njih dvojicu tu\u017eila\u0161tvo sumnji\u010di da su kao saizvr\u0161ioci izvr\u0161ili krivi\u010dno djelo &#8211; zloupotreba polo\u017eaja u privrednom poslovanju. Njihov branilac, advokat Zoran Piperovi\u0107, je kazao da su njegovi klijenti odgovorili na sva [&hellip;]<\/p>\n","protected":false},"author":1,"featured_media":0,"comment_status":"open","ping_status":"closed","sticky":false,"template":"","format":"standard","meta":{"_seopress_robots_primary_cat":"","_seopress_titles_title":"","_seopress_titles_desc":"","_seopress_robots_index":"","_et_pb_use_builder":"","_et_pb_old_content":"","_et_gb_content_width":"","inline_featured_image":false,"footnotes":""},"categories":[14],"tags":[],"class_list":["post-193175","post","type-post","status-publish","format-standard","hentry","category-vijesti"],"_links":{"self":[{"href":"https:\/\/www.pcnen.com\/portal\/wp-json\/wp\/v2\/posts\/193175","targetHints":{"allow":["GET"]}}],"collection":[{"href":"https:\/\/www.pcnen.com\/portal\/wp-json\/wp\/v2\/posts"}],"about":[{"href":"https:\/\/www.pcnen.com\/portal\/wp-json\/wp\/v2\/types\/post"}],"author":[{"embeddable":true,"href":"https:\/\/www.pcnen.com\/portal\/wp-json\/wp\/v2\/users\/1"}],"replies":[{"embeddable":true,"href":"https:\/\/www.pcnen.com\/portal\/wp-json\/wp\/v2\/comments?post=193175"}],"version-history":[{"count":0,"href":"https:\/\/www.pcnen.com\/portal\/wp-json\/wp\/v2\/posts\/193175\/revisions"}],"wp:attachment":[{"href":"https:\/\/www.pcnen.com\/portal\/wp-json\/wp\/v2\/media?parent=193175"}],"wp:term":[{"taxonomy":"category","embeddable":true,"href":"https:\/\/www.pcnen.com\/portal\/wp-json\/wp\/v2\/categories?post=193175"},{"taxonomy":"post_tag","embeddable":true,"href":"https:\/\/www.pcnen.com\/portal\/wp-json\/wp\/v2\/tags?post=193175"}],"curies":[{"name":"wp","href":"https:\/\/api.w.org\/{rel}","templated":true}]}}