{"id":192269,"date":"2015-11-05T08:39:38","date_gmt":"2015-11-05T07:39:38","guid":{"rendered":"http:\/\/www.pcnen.com\/portal\/?p=192269"},"modified":"2015-11-05T08:39:38","modified_gmt":"2015-11-05T07:39:38","slug":"advokat-bojic-osumnjicen-za-povredu-tajnosti-postupka","status":"publish","type":"post","link":"https:\/\/www.pcnen.com\/portal\/2015\/11\/05\/advokat-bojic-osumnjicen-za-povredu-tajnosti-postupka\/","title":{"rendered":"Advokat Boji\u0107 osumnji\u010den za povredu tajnosti postupka?"},"content":{"rendered":"<p>Protiv advokata Vladana Boji\u0107a, koji zastupa vi\u0161e osumnji\u010denih i optu\u017eenih lokalnih funkcionera iz Budve, podnijeta je krivi\u010dna prijava zbog povrede tajnosti postupka i on \u0107e danas biti saslu\u0161an u podgori\u010dkom Osnovnom tu\u017eila\u0161tvu.<\/p>\n<p>Boji\u0107 je za podgori\u010dke Vijesti kazao da ne zna o \u010demu se radi i potvrdio da je dobio poziv da se javi u Tu\u017eila\u0161tvo.<\/p>\n<p>U javnost je procurilo vi\u0161e informacija koje se ti\u010du policijskih akcija i istrage u vezi sa krivi\u010dnim djelima za koja su osumnji\u010deni ili optu\u017eeni biv\u0161i budvanski funkcioneri, me\u0111u kojima su i djeca visokog funkcionera Demokratske partije socijalista Svetozara Marovi\u0107a.<\/p>\n","protected":false},"excerpt":{"rendered":"<p>Protiv advokata Vladana Boji\u0107a, koji zastupa vi\u0161e osumnji\u010denih i optu\u017eenih lokalnih funkcionera iz Budve, podnijeta je krivi\u010dna prijava zbog povrede tajnosti postupka i on \u0107e danas biti saslu\u0161an u podgori\u010dkom Osnovnom tu\u017eila\u0161tvu. Boji\u0107 je za podgori\u010dke Vijesti kazao da ne zna o \u010demu se radi i potvrdio da je dobio poziv da se javi u [&hellip;]<\/p>\n","protected":false},"author":1,"featured_media":0,"comment_status":"open","ping_status":"closed","sticky":false,"template":"","format":"standard","meta":{"_seopress_robots_primary_cat":"","_seopress_titles_title":"","_seopress_titles_desc":"","_seopress_robots_index":"","_et_pb_use_builder":"","_et_pb_old_content":"","_et_gb_content_width":"","inline_featured_image":false,"footnotes":""},"categories":[14],"tags":[],"class_list":["post-192269","post","type-post","status-publish","format-standard","hentry","category-vijesti"],"_links":{"self":[{"href":"https:\/\/www.pcnen.com\/portal\/wp-json\/wp\/v2\/posts\/192269","targetHints":{"allow":["GET"]}}],"collection":[{"href":"https:\/\/www.pcnen.com\/portal\/wp-json\/wp\/v2\/posts"}],"about":[{"href":"https:\/\/www.pcnen.com\/portal\/wp-json\/wp\/v2\/types\/post"}],"author":[{"embeddable":true,"href":"https:\/\/www.pcnen.com\/portal\/wp-json\/wp\/v2\/users\/1"}],"replies":[{"embeddable":true,"href":"https:\/\/www.pcnen.com\/portal\/wp-json\/wp\/v2\/comments?post=192269"}],"version-history":[{"count":0,"href":"https:\/\/www.pcnen.com\/portal\/wp-json\/wp\/v2\/posts\/192269\/revisions"}],"wp:attachment":[{"href":"https:\/\/www.pcnen.com\/portal\/wp-json\/wp\/v2\/media?parent=192269"}],"wp:term":[{"taxonomy":"category","embeddable":true,"href":"https:\/\/www.pcnen.com\/portal\/wp-json\/wp\/v2\/categories?post=192269"},{"taxonomy":"post_tag","embeddable":true,"href":"https:\/\/www.pcnen.com\/portal\/wp-json\/wp\/v2\/tags?post=192269"}],"curies":[{"name":"wp","href":"https:\/\/api.w.org\/{rel}","templated":true}]}}