{"id":192113,"date":"2015-11-02T23:32:24","date_gmt":"2015-11-02T22:32:24","guid":{"rendered":"http:\/\/www.pcnen.com\/portal\/?p=192113"},"modified":"2015-11-02T23:34:02","modified_gmt":"2015-11-02T22:34:02","slug":"putesestvije-sedmi-dan-minhen","status":"publish","type":"post","link":"https:\/\/www.pcnen.com\/portal\/2015\/11\/02\/putesestvije-sedmi-dan-minhen\/","title":{"rendered":"Pute\u0161estvije, sedmi dan&#8230; Minhen"},"content":{"rendered":"<p>Prvi put od kako smo krenuli na pute\u0161estvije, jutro je otvorilo nebo bez ikakve sumnje u ki\u0161ni ishod. I tako odosmo put Minhena solidnom nema\u010dkom \u017eeleznicom, umesto da pedaliramo niz Dunav, kakav be\u0161e na\u0161 prvobitni plan, a ki\u0161a ne dade da ga sprovedemo u delo.<\/p>\n<p>Uvek me fascinira ta\u010dnost javnog prevoza u velikim gradovima. Ne mogu se pohvaliti da sam njegov korisnik u Podgorici jer gotovo svaki transport obavljam biciklom, pe\u0161ke ili automobilom, ako ba\u0161 mora. Ali mojem o\u0161trom oku ne mogu proma\u0107i krntije koje se kotrljaju na\u0161im ulicama i la\u017eno predstavljaju kao javni prevoz, a u stvari su otpisana vozila koja su izbegla rezanje i nik\u0161i\u0107ku \u017eelezaru jedino zahvaljuju\u0107i na\u0161oj nasu\u0161noj potrebi da se ne\u0161to kre\u0107e ulicama, smrdi i tandr\u010de. Zbog toga ne mogu a da ne u\u017eivam u \u010darima; makar i kratkotrajnim; \u010distog, udobnog, pouzdanog i nadasve ta\u010dnog prevoza.<\/p>\n<p><a href=\"http:\/\/www.pcnen.com\/portal\/wp-content\/uploads\/2015\/11\/5186b10ccd769ce7f7adf923197acd8235447012a84b398ba3f23e6b7c9873fd.jpg\"><img loading=\"lazy\" decoding=\"async\" class=\"alignleft size-medium wp-image-192116\" src=\"http:\/\/www.pcnen.com\/portal\/wp-content\/uploads\/2015\/11\/5186b10ccd769ce7f7adf923197acd8235447012a84b398ba3f23e6b7c9873fd-300x180.jpg\" alt=\"5186b10ccd769ce7f7adf923197acd8235447012a84b398ba3f23e6b7c9873fd\" width=\"300\" height=\"180\" srcset=\"https:\/\/www.pcnen.com\/portal\/wp-content\/uploads\/2015\/11\/5186b10ccd769ce7f7adf923197acd8235447012a84b398ba3f23e6b7c9873fd-300x180.jpg 300w, https:\/\/www.pcnen.com\/portal\/wp-content\/uploads\/2015\/11\/5186b10ccd769ce7f7adf923197acd8235447012a84b398ba3f23e6b7c9873fd-450x269.jpg 450w, https:\/\/www.pcnen.com\/portal\/wp-content\/uploads\/2015\/11\/5186b10ccd769ce7f7adf923197acd8235447012a84b398ba3f23e6b7c9873fd-480x287.jpg 480w, https:\/\/www.pcnen.com\/portal\/wp-content\/uploads\/2015\/11\/5186b10ccd769ce7f7adf923197acd8235447012a84b398ba3f23e6b7c9873fd-235x141.jpg 235w, https:\/\/www.pcnen.com\/portal\/wp-content\/uploads\/2015\/11\/5186b10ccd769ce7f7adf923197acd8235447012a84b398ba3f23e6b7c9873fd-75x45.jpg 75w, https:\/\/www.pcnen.com\/portal\/wp-content\/uploads\/2015\/11\/5186b10ccd769ce7f7adf923197acd8235447012a84b398ba3f23e6b7c9873fd-350x209.jpg 350w, https:\/\/www.pcnen.com\/portal\/wp-content\/uploads\/2015\/11\/5186b10ccd769ce7f7adf923197acd8235447012a84b398ba3f23e6b7c9873fd-220x132.jpg 220w, https:\/\/www.pcnen.com\/portal\/wp-content\/uploads\/2015\/11\/5186b10ccd769ce7f7adf923197acd8235447012a84b398ba3f23e6b7c9873fd-900x539.jpg 900w, https:\/\/www.pcnen.com\/portal\/wp-content\/uploads\/2015\/11\/5186b10ccd769ce7f7adf923197acd8235447012a84b398ba3f23e6b7c9873fd.jpg 1280w\" sizes=\"(max-width: 300px) 100vw, 300px\" \/><\/a>Elem, vozom odosmo do podzemne stanice Izartor, sa koje postoji poseban izlaz prema Nema\u010dkom muzeju koji se nalazi na adi reke Izar koju je \u010destiti Minhen opkora\u010dio, i na taj na\u010din se odaje po\u010dast ovoj instituciji \u010diji zna\u010daj nadilazi, ovaj grad, Bavarsku i Nema\u010dku pa dobacuje u najudaljenije delove nama poznatog sveta. Ovo je sjajan muzej tehnike. Najbolji u kojem sam bio, jer uvek mo\u017eete na\u0107i ne\u0161to \u0161to vas interesuje. Od podmornice do svemirskog broad, ali bukvalno. Nije mi prvi put da se nalazim ovde, ali jeste iznena\u0111enje za mene da sam otkrio nove lagume, sale, postavke i izlo\u017ebe koje do sada nisam video, a svakako su bile tu i ranije.<\/p>\n<p>Nakon nekoliko sati u\u017eivanja u muzeju, odlu\u010dismo da pro\u0161etamo do Engleskog parka, ogromne zelene povr\u0161ine gde se dokon narod izle\u017eava na travi i u\u017eiva u zracima sunca \u010diji rok trajanja za ovu godinu je sve bli\u017ei isteku. Jedna Zagrep\u010danka \u010duv\u0161i na\u0161e dogovaranje i prepoznav\u0161i jezik nam ponudi pomo\u0107 i vrlo ljubazno odvede u blizinu parka, jer smo bez ikakve mape bili pomalo neorganizovani. Hvala joj. U kafani kod Kineskog tornja je sav personal bio iz na\u0161ih krajeva, pa su obroci u vidu kolenice sa krompirom za nas bili veoma obilni, a pivo jednako hladno kao i za sve ostale. Neki Milorad iz Vrnja\u010dke Banje je bio naro\u010dito raspolo\u017een da se dru\u017ei sa nama, i svoje asmati\u010dne uzdahe je pretvarao u zvi\u017edav smeh kojim nije krio raspolo\u017eenje zbog nenadanog susreta sa zemljacima.<\/p>\n<p>Posle ru\u010dka, pomalo lenjo i sa zadr\u0161kom nastavismo prema Marien placu, proplivasmo kroz more turista i uputismo nazad u Dahau podzemnom \u017eeleznicom. Tamo posle nekoliko partija karata, koje sam sa velikom uporno\u0161\u0107u gubio od Brana, produ\u017eismo u krevet jer jo\u0161 ne znasmo \u0161ta \u0107e nam doneti novi dan.<\/p>\n","protected":false},"excerpt":{"rendered":"<p>Prvi put od kako smo krenuli na pute\u0161estvije, jutro je otvorilo nebo bez ikakve sumnje u ki\u0161ni ishod. I tako odosmo put Minhena solidnom nema\u010dkom \u017eeleznicom, umesto da pedaliramo niz Dunav, kakav be\u0161e na\u0161 prvobitni plan, a ki\u0161a ne dade da ga sprovedemo u delo. Uvek me fascinira ta\u010dnost javnog prevoza u velikim gradovima. Ne [&hellip;]<\/p>\n","protected":false},"author":1490,"featured_media":0,"comment_status":"open","ping_status":"closed","sticky":false,"template":"","format":"standard","meta":{"_seopress_robots_primary_cat":"","_seopress_titles_title":"","_seopress_titles_desc":"","_seopress_robots_index":"","_et_pb_use_builder":"","_et_pb_old_content":"","_et_gb_content_width":"","inline_featured_image":false,"footnotes":""},"categories":[17],"tags":[],"class_list":["post-192113","post","type-post","status-publish","format-standard","hentry","category-blogovi"],"_links":{"self":[{"href":"https:\/\/www.pcnen.com\/portal\/wp-json\/wp\/v2\/posts\/192113","targetHints":{"allow":["GET"]}}],"collection":[{"href":"https:\/\/www.pcnen.com\/portal\/wp-json\/wp\/v2\/posts"}],"about":[{"href":"https:\/\/www.pcnen.com\/portal\/wp-json\/wp\/v2\/types\/post"}],"author":[{"embeddable":true,"href":"https:\/\/www.pcnen.com\/portal\/wp-json\/wp\/v2\/users\/1490"}],"replies":[{"embeddable":true,"href":"https:\/\/www.pcnen.com\/portal\/wp-json\/wp\/v2\/comments?post=192113"}],"version-history":[{"count":0,"href":"https:\/\/www.pcnen.com\/portal\/wp-json\/wp\/v2\/posts\/192113\/revisions"}],"wp:attachment":[{"href":"https:\/\/www.pcnen.com\/portal\/wp-json\/wp\/v2\/media?parent=192113"}],"wp:term":[{"taxonomy":"category","embeddable":true,"href":"https:\/\/www.pcnen.com\/portal\/wp-json\/wp\/v2\/categories?post=192113"},{"taxonomy":"post_tag","embeddable":true,"href":"https:\/\/www.pcnen.com\/portal\/wp-json\/wp\/v2\/tags?post=192113"}],"curies":[{"name":"wp","href":"https:\/\/api.w.org\/{rel}","templated":true}]}}