{"id":191562,"date":"2015-10-27T12:58:00","date_gmt":"2015-10-27T11:58:00","guid":{"rendered":"http:\/\/www.pcnen.com\/portal\/?p=191562"},"modified":"2015-10-27T14:07:30","modified_gmt":"2015-10-27T13:07:30","slug":"protesti-dani-poslije","status":"publish","type":"post","link":"https:\/\/www.pcnen.com\/portal\/2015\/10\/27\/protesti-dani-poslije\/","title":{"rendered":"Protesti-dani poslije"},"content":{"rendered":"<p><img loading=\"lazy\" decoding=\"async\" class=\"alignleft wp-image-191564 size-full\" title=\"protest u Podgorici\/FB\" src=\"http:\/\/www.pcnen.com\/portal\/wp-content\/uploads\/2015\/10\/protest1.jpg\" alt=\"protest\" width=\"275\" height=\"183\" srcset=\"https:\/\/www.pcnen.com\/portal\/wp-content\/uploads\/2015\/10\/protest1.jpg 275w, https:\/\/www.pcnen.com\/portal\/wp-content\/uploads\/2015\/10\/protest1-235x156.jpg 235w, https:\/\/www.pcnen.com\/portal\/wp-content\/uploads\/2015\/10\/protest1-75x50.jpg 75w, https:\/\/www.pcnen.com\/portal\/wp-content\/uploads\/2015\/10\/protest1-220x146.jpg 220w\" sizes=\"(max-width: 275px) 100vw, 275px\" \/>Vi\u0161enedjeljni protesti DF-a koji su bili sve samo ne gra\u0111anski, socijalni, i dobro osmi\u0161ljeni ugu\u0161eni su brutalnom intervencijom policije u momentu kada su se gasili i kada organizator nije znao kako da iza\u0111e iz njih. Takva intervencija policije sa ogromnim brojem policajaca protiv \u0161a\u010dice demonstranata u ranim jutarnjim satima izazvala je ogor\u010denje i eksploziju gnjeva gra\u0111ana koji su godinama potiskivali svoj bunt. Isto ve\u010de, pogotovu sjutradan, protesti DF su prerasli u op\u0161tegra\u0111anski otpor protiv sveop\u0161teg, nepodno\u0161ljivog stanja u Crnoj Gori. Ve\u0107 tada sam napisao da protesti DF-a prevazliaze kapacitete njihovih lidera, vapio da se ostala opozicija uklju\u010di u njih.<\/p>\n<p>Za prvo sam bio u pravu, za drugo ne.<\/p>\n<p>Naime, novi protest koji je zakazao DF za 24-ti oktobar okupio je kriti\u010dnu masu od preko 10.000 gra\u0111ana. Nagla\u0161avam ovo \u201egra\u0111ana\u201c. Bio sam tamo i tvrdim da su preko 80% ljudi okupljenih na protestu bili pristojni gra\u0111ani u pravom smislu te rije\u010di, kojima je malo stalo do DF-a, pogotovu njihovih lidera ili \u201elidera\u201c, ve\u0107 su bili tu da iska\u017eu svoj protest protiv svega \u0161to nam se de\u0161ava: za promjenu stanja, i najzad stvaranje uslova za prve po\u0161tene i fer izbore.<\/p>\n<p>Mislim da su i organizatori bili zbunjeni tolikom brojem protestanata. O\u010digledno bez dobro osmi\u0161ljenog plana poveli su masu pred Skup\u0161tinom i tu se poslije 22h desio haos kojeg je najbolje opisao Leki\u0107: \u201ePodgorica je izgledala kao Bejrut\u201c.<\/p>\n<p>Dio demonstranata ili \u201edemonstranata\u201c je napao policiju koja je odgovorila svim raspolo\u017eivim sredstvima. Napad se desio za mene o\u010dekivano, neo\u010dekivani su mi bili govori Andrije Mandi\u0107a i Slavena Radunovi\u0107a koji su prethodili napadu. Onakvi govori kao znak za izbijanje nemira tj. napad na policiju manjeg dijela demonstranata (?) mogli su da urade: ili potpuno politi\u010dki nepismene i neodgovorne osobe ili re\u017eimski ljudi, kakvih, tvrdi se, DPS ima u vrhu svih opozicionih partija. \u017delim da vjerujem i vjerujem da je u pitanju ovo prvo.<\/p>\n<p>Poslije toga je uslijedila takva intervencija policije kakvu sam gledao jedino u filmovima, prije svega onim antologijskim Koste Gavrasa. Policija je ispalila enormne koli\u010dine suzavca, \u0107erala sve demonstrante a ne izgrednike \u0161irom grada, prebijala ih, gazila, bukvalno lomila sa jo\u0161 i jo\u0161 suzavca u svakom dijelu Podgorice. Bio je to, vidjelo se, unaprijed pripremljen i planiran masakr: \u201eda im vi\u0161e nikad na um ne padne\u201c.<\/p>\n<p>Sve je pra\u0107eno takvom propagandom re\u017eimskih medija, posebno tzv. Javnog servisa, da sam ponovo pre\u017eivjeo, vidio, podsjetio se kako je izgledao \u201erat za mir\u201c, njegova medijska priprema i tok.<\/p>\n<p>Scenario nemira i intervencije policije je bio identi\u010dan onom poslije \u201eizbora\u201c za predsjednika Crne Gore kada su se posva\u0111ala dva dotada\u0161anja nerazdvojna ratna druga. I onda su, kao i sada, bande uba\u010denih kriminalaca od kojih je jedan dio bio infiltriran me\u0111u demonstrantima a drugi dio \u010dekao u pripravnosti na Skalinama i u hotelu Podgorica su izazvali nemire. S tim, da je ovog puta upotreba sile od strane policije bila jo\u0161 ve\u0107a.<\/p>\n<p>Matrica: prvo kre\u0107u provokatori, a dio od onih 20% demonstranata koje ne nazivam gra\u0111anima to prihvata ne shva\u0107aju\u0107i da u stvari radi protiv seba a u korist onih protiv kojih kao protestvuju.<\/p>\n<p>I tada kao i sada zapadni zvani\u010dnici su osudili \u201edivljanje\u201c, iako su bolje upu\u0107eni i imaju bolje i preciznije informacije od mene, \u0161to i kako se stvarno sve de\u0161avalo. Istina, ovog puta je ta osuda bila ne\u0161to bla\u017ea jer su pozvali \u201esve strane\u201c da se vrate dijalogu u institucijama. Institucijama koje su u Crnoj Gori mrtvo slovo na papiru i koje odavno fakti\u010dki ne postoje.<\/p>\n<p>Me\u0111utim, repriza doga\u0111aja iz 1997. godine se pretvorila u farsu &#8211; kao \u0161to to obi\u010dno i biva.<\/p>\n<p>Ove 2015, za razliku od 1997. godine svako ima kameru: telefonsku ili pravu. Za ovih par dana je na vidjelu iza\u0161lo skoro sve: od snimaka policijske brutalnosti, do snimaka u kojima se vide uba\u010dene grupe civila kako rade u kordinaciji sa policijom. Uz to, zahvaljuju\u0107im dru\u0161tvenim mr\u017eama i drugim savremenim sredstvima komunikacije, razmjenjuju se informacije ko je sve i odakle bio anga\u017eovan da izazove nerede na protestu, a po\u010dele su da cure informacije i od samih policijskih slu\u017ebenika.<\/p>\n<p>Zbog potpuno nerazumnog postupanja i prije svega govora lidera DF-a prije izbijanja nereda, ovaj savez je, mislim, uni\u0161ten. Ali je, sada vidim, dobro, \u0161to ostala opozicija nije bila tu jer bi i oni bili urnisani zajedno sa DF-om. Va\u017eno je da, kao \u0161to je ju\u010de najavljeno, oni sada krenu u zajedni\u010dku, odlu\u010dnu, i dobro osmi\u0161ljenu akciju.<\/p>\n<p>Bunt kod malih, neformalnih, ali veoma upornih i hrabrih grupa gra\u0111ana je sve ve\u0107i i njega re\u017eim najte\u017ee kontroli\u0161e.<\/p>\n<p>Re\u017eim se zbog svoje prirode ne\u0107e povu\u0107i bez krvi (pla\u0161im se), ali \u0107e sve te\u017ee kontrolisati situaciju, a snimaka koji \u0107e demaskirati \u0161to i kako se de\u0161avalo na protestu bi\u0107e jo\u0161, u to sam ubije\u0111en.<\/p>\n","protected":false},"excerpt":{"rendered":"<p>Vi\u0161enedjeljni protesti DF-a koji su bili sve samo ne gra\u0111anski, socijalni, i dobro osmi\u0161ljeni ugu\u0161eni su brutalnom intervencijom policije u momentu kada su se gasili i kada organizator nije znao kako da iza\u0111e iz njih. Takva intervencija policije sa ogromnim brojem policajaca protiv \u0161a\u010dice demonstranata u ranim jutarnjim satima izazvala je ogor\u010denje i eksploziju gnjeva [&hellip;]<\/p>\n","protected":false},"author":12,"featured_media":191564,"comment_status":"open","ping_status":"closed","sticky":false,"template":"","format":"standard","meta":{"_seopress_robots_primary_cat":"","_seopress_titles_title":"","_seopress_titles_desc":"","_seopress_robots_index":"","_et_pb_use_builder":"","_et_pb_old_content":"","_et_gb_content_width":"","inline_featured_image":false,"footnotes":""},"categories":[17],"tags":[],"class_list":["post-191562","post","type-post","status-publish","format-standard","has-post-thumbnail","hentry","category-blogovi"],"_links":{"self":[{"href":"https:\/\/www.pcnen.com\/portal\/wp-json\/wp\/v2\/posts\/191562","targetHints":{"allow":["GET"]}}],"collection":[{"href":"https:\/\/www.pcnen.com\/portal\/wp-json\/wp\/v2\/posts"}],"about":[{"href":"https:\/\/www.pcnen.com\/portal\/wp-json\/wp\/v2\/types\/post"}],"author":[{"embeddable":true,"href":"https:\/\/www.pcnen.com\/portal\/wp-json\/wp\/v2\/users\/12"}],"replies":[{"embeddable":true,"href":"https:\/\/www.pcnen.com\/portal\/wp-json\/wp\/v2\/comments?post=191562"}],"version-history":[{"count":0,"href":"https:\/\/www.pcnen.com\/portal\/wp-json\/wp\/v2\/posts\/191562\/revisions"}],"wp:featuredmedia":[{"embeddable":true,"href":"https:\/\/www.pcnen.com\/portal\/wp-json\/wp\/v2\/media\/191564"}],"wp:attachment":[{"href":"https:\/\/www.pcnen.com\/portal\/wp-json\/wp\/v2\/media?parent=191562"}],"wp:term":[{"taxonomy":"category","embeddable":true,"href":"https:\/\/www.pcnen.com\/portal\/wp-json\/wp\/v2\/categories?post=191562"},{"taxonomy":"post_tag","embeddable":true,"href":"https:\/\/www.pcnen.com\/portal\/wp-json\/wp\/v2\/tags?post=191562"}],"curies":[{"name":"wp","href":"https:\/\/api.w.org\/{rel}","templated":true}]}}