{"id":191103,"date":"2015-10-22T11:44:07","date_gmt":"2015-10-22T09:44:07","guid":{"rendered":"http:\/\/www.pcnen.com\/portal\/?p=191103"},"modified":"2015-10-22T11:44:07","modified_gmt":"2015-10-22T09:44:07","slug":"boje-i-godisnja-doba","status":"publish","type":"post","link":"https:\/\/www.pcnen.com\/portal\/2015\/10\/22\/boje-i-godisnja-doba\/","title":{"rendered":"Boje i godi\u0161nja doba"},"content":{"rendered":"<p><img loading=\"lazy\" decoding=\"async\" class=\"alignright size-medium wp-image-189938\" src=\"http:\/\/www.pcnen.com\/portal\/wp-content\/uploads\/2015\/10\/jesen_kisa-300x200.jpg\" alt=\"jesen_kisa\" width=\"300\" height=\"200\" \/>Prema novom istra\u017eivanju objavljenom u \u010dasopisu Current Biology, promjena godi\u0161njih doba mo\u017ee uticati na to kako uo\u010davamo odre\u0111ene boje.<\/p>\n<p>Nau\u010dnici su se pitali mo\u017ee li ista percepcija \u017eute boje kod velikog broja ljudi biti posljedica ne\u010dega drugog, ne fiziolo\u0161kih razloga?<\/p>\n<p>Da bi provjerili tu pretpostavku, pitali su 67 mu\u0161karaca i \u017eena u Velikoj Britaniji da im uka\u017eu na ta\u010dan trenutak kada svjetlina \u017eute boje dosegne stepen svoje \u201djedinstvenosti\u201d. Istra\u017eivanja su sprovedena u junu i januaru i otkrila su zna\u010dajnu sezonsku promjenu prilikom percipiranja \u201djedinstvenosti\u201d \u017eute boje.<\/p>\n<p>\u201cOno \u0161to smo uo\u010dili jest da se prilikom izmjene godi\u0161njih doba na\u0161 vid prilago\u0111ava novonastalim promjenama u okru\u017eenju\u201d, rekla je autorica istra\u017eivanja Lauren Welbourne, prenose online mediji. Ona vjeruje da se na\u0161 vizuelni sistem prilago\u0111ava tome mijenjanju boja kroz izmjenu godi\u0161njih doba, sli\u010dno kao \u0161to mo\u017eemo podesiti boju na TV prijamniku.<\/p>\n","protected":false},"excerpt":{"rendered":"<p>Prema novom istra\u017eivanju objavljenom u \u010dasopisu Current Biology, promjena godi\u0161njih doba mo\u017ee uticati na to kako uo\u010davamo odre\u0111ene boje. Nau\u010dnici su se pitali mo\u017ee li ista percepcija \u017eute boje kod velikog broja ljudi biti posljedica ne\u010dega drugog, ne fiziolo\u0161kih razloga? Da bi provjerili tu pretpostavku, pitali su 67 mu\u0161karaca i \u017eena u Velikoj Britaniji da [&hellip;]<\/p>\n","protected":false},"author":1,"featured_media":0,"comment_status":"open","ping_status":"closed","sticky":false,"template":"","format":"standard","meta":{"_seopress_robots_primary_cat":"","_seopress_titles_title":"","_seopress_titles_desc":"","_seopress_robots_index":"","_et_pb_use_builder":"","_et_pb_old_content":"","_et_gb_content_width":"","inline_featured_image":false,"footnotes":""},"categories":[8],"tags":[],"class_list":["post-191103","post","type-post","status-publish","format-standard","hentry","category-svastara"],"_links":{"self":[{"href":"https:\/\/www.pcnen.com\/portal\/wp-json\/wp\/v2\/posts\/191103","targetHints":{"allow":["GET"]}}],"collection":[{"href":"https:\/\/www.pcnen.com\/portal\/wp-json\/wp\/v2\/posts"}],"about":[{"href":"https:\/\/www.pcnen.com\/portal\/wp-json\/wp\/v2\/types\/post"}],"author":[{"embeddable":true,"href":"https:\/\/www.pcnen.com\/portal\/wp-json\/wp\/v2\/users\/1"}],"replies":[{"embeddable":true,"href":"https:\/\/www.pcnen.com\/portal\/wp-json\/wp\/v2\/comments?post=191103"}],"version-history":[{"count":0,"href":"https:\/\/www.pcnen.com\/portal\/wp-json\/wp\/v2\/posts\/191103\/revisions"}],"wp:attachment":[{"href":"https:\/\/www.pcnen.com\/portal\/wp-json\/wp\/v2\/media?parent=191103"}],"wp:term":[{"taxonomy":"category","embeddable":true,"href":"https:\/\/www.pcnen.com\/portal\/wp-json\/wp\/v2\/categories?post=191103"},{"taxonomy":"post_tag","embeddable":true,"href":"https:\/\/www.pcnen.com\/portal\/wp-json\/wp\/v2\/tags?post=191103"}],"curies":[{"name":"wp","href":"https:\/\/api.w.org\/{rel}","templated":true}]}}