{"id":190077,"date":"2015-10-08T21:48:24","date_gmt":"2015-10-08T19:48:24","guid":{"rendered":"http:\/\/www.pcnen.com\/portal\/?p=190077"},"modified":"2015-10-08T21:48:24","modified_gmt":"2015-10-08T19:48:24","slug":"vdt-stanovic-ne-osluskujemo-sapate-dnevne-politike","status":"publish","type":"post","link":"https:\/\/www.pcnen.com\/portal\/2015\/10\/08\/vdt-stanovic-ne-osluskujemo-sapate-dnevne-politike\/","title":{"rendered":"VDT Stanovi\u0107: Ne oslu\u0161kujemo \u0161apate dnevne politike"},"content":{"rendered":"<p>Vrhovni dr\u017eavni tu\u017eilac Crne Gore Ivica Stankovi\u0107 je izjavio ve\u010deras <a href=\"http:\/\/www.rtcg.me\/vijesti\/drustvo\/106088\/ne-osluskujemo-sapate-dnevne-politike-.html\" target=\"_blank\">u emisiji U centar TVCG<\/a> da u Tu\u017eila\u0161tvu ne oslu\u0161kuju \u201c\u0161apate dnevne politike bilo opozicije ili vlasti\u201d, nego vr\u0161e \u201csvoju funkciju po zakonu i Ustavu, koji ne prepoznaju niti imena niti prezimena, niti pripadnike pojedinih politi\u010dkih partija, ve\u0107 samo po\u010dinioce krivi\u010dnih djela\u201d.<\/p>\n<p>Na pitanje da li je Svetozar Marovi\u0107 glavna meta hap\u0161enja u Budvi, Stankovi\u0107 je odgovorio: &#8220;Mi ne crtamo mete niti poznajemo imena i prezimena ve\u0107 samo radimo po zakonu. Tu\u017eila\u0161tvo ne prepoznaje ni partijsku, ni neku drugu pripadnost.&#8221;<\/p>\n","protected":false},"excerpt":{"rendered":"<p>Vrhovni dr\u017eavni tu\u017eilac Crne Gore Ivica Stankovi\u0107 je izjavio ve\u010deras u emisiji U centar TVCG da u Tu\u017eila\u0161tvu ne oslu\u0161kuju \u201c\u0161apate dnevne politike bilo opozicije ili vlasti\u201d, nego vr\u0161e \u201csvoju funkciju po zakonu i Ustavu, koji ne prepoznaju niti imena niti prezimena, niti pripadnike pojedinih politi\u010dkih partija, ve\u0107 samo po\u010dinioce krivi\u010dnih djela\u201d. Na pitanje da [&hellip;]<\/p>\n","protected":false},"author":1,"featured_media":0,"comment_status":"open","ping_status":"closed","sticky":false,"template":"","format":"standard","meta":{"_seopress_robots_primary_cat":"","_seopress_titles_title":"","_seopress_titles_desc":"","_seopress_robots_index":"","_et_pb_use_builder":"","_et_pb_old_content":"","_et_gb_content_width":"","inline_featured_image":false,"footnotes":""},"categories":[14],"tags":[],"class_list":["post-190077","post","type-post","status-publish","format-standard","hentry","category-vijesti"],"_links":{"self":[{"href":"https:\/\/www.pcnen.com\/portal\/wp-json\/wp\/v2\/posts\/190077","targetHints":{"allow":["GET"]}}],"collection":[{"href":"https:\/\/www.pcnen.com\/portal\/wp-json\/wp\/v2\/posts"}],"about":[{"href":"https:\/\/www.pcnen.com\/portal\/wp-json\/wp\/v2\/types\/post"}],"author":[{"embeddable":true,"href":"https:\/\/www.pcnen.com\/portal\/wp-json\/wp\/v2\/users\/1"}],"replies":[{"embeddable":true,"href":"https:\/\/www.pcnen.com\/portal\/wp-json\/wp\/v2\/comments?post=190077"}],"version-history":[{"count":0,"href":"https:\/\/www.pcnen.com\/portal\/wp-json\/wp\/v2\/posts\/190077\/revisions"}],"wp:attachment":[{"href":"https:\/\/www.pcnen.com\/portal\/wp-json\/wp\/v2\/media?parent=190077"}],"wp:term":[{"taxonomy":"category","embeddable":true,"href":"https:\/\/www.pcnen.com\/portal\/wp-json\/wp\/v2\/categories?post=190077"},{"taxonomy":"post_tag","embeddable":true,"href":"https:\/\/www.pcnen.com\/portal\/wp-json\/wp\/v2\/tags?post=190077"}],"curies":[{"name":"wp","href":"https:\/\/api.w.org\/{rel}","templated":true}]}}