{"id":180481,"date":"2015-05-14T11:39:04","date_gmt":"2015-05-14T09:39:04","guid":{"rendered":"http:\/\/www.pcnen.com\/portal\/?p=180481"},"modified":"2015-05-14T11:39:25","modified_gmt":"2015-05-14T09:39:25","slug":"rehabilitovan-draza-mihailovic","status":"publish","type":"post","link":"https:\/\/www.pcnen.com\/portal\/2015\/05\/14\/rehabilitovan-draza-mihailovic\/","title":{"rendered":"Rehabilitovan Dra\u017ea Mihailovi\u0107"},"content":{"rendered":"<p><img loading=\"lazy\" decoding=\"async\" class=\"alignleft size-medium wp-image-180482\" src=\"http:\/\/www.pcnen.com\/portal\/wp-content\/uploads\/2015\/05\/draza-na-sudjenju-300x237.jpg\" alt=\"draza-na-sudjenju\" width=\"300\" height=\"237\" \/>Komandant \u010detni\u010dkog pokreta Dragoljub Dra\u017ea Mihailovi\u0107 rehabilitovan je odlukom Vi\u0161eg suda u Beogradu. Rehabilitacijom je poni\u0161tena presuda iz 1946. godine, kojom je Mihailovi\u0107 osu\u0111en na smrt, kada su mu oduzeta sva gra\u0111anska prava, javlja B92.<\/p>\n<p>Odluka suda da usvoji zahtjev za poni\u0161tenje presude i rehabilituje Mihailovi\u0107a je kona\u010dna i ne postoji mogu\u0107nost \u017ealbe, s obzirom na to da postupak ima samo jednu stranu. Mihailovi\u0107u su ovom odlukom vra\u0107ena gra\u0111anska prava.<\/p>\n<p>Zahtjev za rehabilitaciju Mihailovi\u0107a su prvi put 2006. godine podnijeli njegov unuk Vojislav Mihailovi\u0107, profesori Pravnog fakulteta Univerziteta u Beogradu Smilja Avramov i Kosta \u010cavo\u0161ki, Srpski liberalni savet i Udru\u017eenje Jugoslovenske vojske u otad\u017ebini. Kasnije su se tom zahtjevu pridru\u017eile i pojedine politi\u010dke stranke i udru\u017eenja.<\/p>\n<p>Tokom procesa je saslu\u0161ano na desetine svjedoka, mahom istori\u010dara, preslu\u0161ani su audio snimci sa su\u0111enja i prikupljena je brojna dokumentacija.<\/p>\n","protected":false},"excerpt":{"rendered":"<p>Komandant \u010detni\u010dkog pokreta Dragoljub Dra\u017ea Mihailovi\u0107 rehabilitovan je odlukom Vi\u0161eg suda u Beogradu. Rehabilitacijom je poni\u0161tena presuda iz 1946. godine, kojom je Mihailovi\u0107 osu\u0111en na smrt, kada su mu oduzeta sva gra\u0111anska prava, javlja B92. Odluka suda da usvoji zahtjev za poni\u0161tenje presude i rehabilituje Mihailovi\u0107a je kona\u010dna i ne postoji mogu\u0107nost \u017ealbe, s obzirom [&hellip;]<\/p>\n","protected":false},"author":1,"featured_media":0,"comment_status":"open","ping_status":"closed","sticky":false,"template":"","format":"standard","meta":{"_seopress_robots_primary_cat":"","_seopress_titles_title":"","_seopress_titles_desc":"","_seopress_robots_index":"","_et_pb_use_builder":"","_et_pb_old_content":"","_et_gb_content_width":"","inline_featured_image":false,"footnotes":""},"categories":[14,12],"tags":[],"class_list":["post-180481","post","type-post","status-publish","format-standard","hentry","category-vijesti","category-prica-dana"],"_links":{"self":[{"href":"https:\/\/www.pcnen.com\/portal\/wp-json\/wp\/v2\/posts\/180481","targetHints":{"allow":["GET"]}}],"collection":[{"href":"https:\/\/www.pcnen.com\/portal\/wp-json\/wp\/v2\/posts"}],"about":[{"href":"https:\/\/www.pcnen.com\/portal\/wp-json\/wp\/v2\/types\/post"}],"author":[{"embeddable":true,"href":"https:\/\/www.pcnen.com\/portal\/wp-json\/wp\/v2\/users\/1"}],"replies":[{"embeddable":true,"href":"https:\/\/www.pcnen.com\/portal\/wp-json\/wp\/v2\/comments?post=180481"}],"version-history":[{"count":0,"href":"https:\/\/www.pcnen.com\/portal\/wp-json\/wp\/v2\/posts\/180481\/revisions"}],"wp:attachment":[{"href":"https:\/\/www.pcnen.com\/portal\/wp-json\/wp\/v2\/media?parent=180481"}],"wp:term":[{"taxonomy":"category","embeddable":true,"href":"https:\/\/www.pcnen.com\/portal\/wp-json\/wp\/v2\/categories?post=180481"},{"taxonomy":"post_tag","embeddable":true,"href":"https:\/\/www.pcnen.com\/portal\/wp-json\/wp\/v2\/tags?post=180481"}],"curies":[{"name":"wp","href":"https:\/\/api.w.org\/{rel}","templated":true}]}}