{"id":177391,"date":"2015-04-09T12:34:51","date_gmt":"2015-04-09T10:34:51","guid":{"rendered":"http:\/\/www.pcnen.com\/portal\/?p=177391"},"modified":"2015-04-09T13:09:57","modified_gmt":"2015-04-09T11:09:57","slug":"antifasizam","status":"publish","type":"post","link":"https:\/\/www.pcnen.com\/portal\/2015\/04\/09\/antifasizam\/","title":{"rendered":"Antifa\u0161izam"},"content":{"rendered":"<p>Za mene se mo\u017ee mnogo toga re\u0107i, ali da sam rusofil, te\u0161ko.<\/p>\n<p>Jo\u0161 manje da sam Putinofil.<\/p>\n<p>Ipak, stvarno me je sramota \u0161to Crna Gora nema predstavnika na paradi u Moskvi povodom pobjede nad fa\u0161izmom. Jo\u0161 ako je istinita informacija ambasadora Nestranenka da je Vujanovi\u0107 najprije prihvatio poziv, a zatim se &#8220;predomsilio&#8221;, onda se jo\u0161 vi\u0161e stidim: i u njegovo ime, i u ime Crne Gore.<\/p>\n<p>\u010ce\u0161ki predsjednik Zeman je izbacio ameri\u010dkog ambasadora iz kabineta kada mu je ovaj savjetovao da ne ide na paradu u Moskvu. Kod Vujanovi\u0107a je, mislim, bilo obrnuto: ameri\u010dki ambasador je vjerovatno izbacio Vujanovi\u0107a iz ambasade i rekao mu; &#8220;Kako uop\u0161te smije\u0161 da me pita\u0161 da ide\u0161 na tu paradu&#8221;.<\/p>\n","protected":false},"excerpt":{"rendered":"<p>Za mene se mo\u017ee mnogo toga re\u0107i, ali da sam rusofil, te\u0161ko. Jo\u0161 manje da sam Putinofil. Ipak, stvarno me je sramota \u0161to Crna Gora nema predstavnika na paradi u Moskvi povodom pobjede nad fa\u0161izmom. Jo\u0161 ako je istinita informacija ambasadora Nestranenka da je Vujanovi\u0107 najprije prihvatio poziv, a zatim se &#8220;predomsilio&#8221;, onda se jo\u0161 [&hellip;]<\/p>\n","protected":false},"author":12,"featured_media":0,"comment_status":"open","ping_status":"closed","sticky":false,"template":"","format":"standard","meta":{"_seopress_robots_primary_cat":"","_seopress_titles_title":"","_seopress_titles_desc":"","_seopress_robots_index":"","_et_pb_use_builder":"","_et_pb_old_content":"","_et_gb_content_width":"","inline_featured_image":false,"footnotes":""},"categories":[17],"tags":[],"class_list":["post-177391","post","type-post","status-publish","format-standard","hentry","category-blogovi"],"_links":{"self":[{"href":"https:\/\/www.pcnen.com\/portal\/wp-json\/wp\/v2\/posts\/177391","targetHints":{"allow":["GET"]}}],"collection":[{"href":"https:\/\/www.pcnen.com\/portal\/wp-json\/wp\/v2\/posts"}],"about":[{"href":"https:\/\/www.pcnen.com\/portal\/wp-json\/wp\/v2\/types\/post"}],"author":[{"embeddable":true,"href":"https:\/\/www.pcnen.com\/portal\/wp-json\/wp\/v2\/users\/12"}],"replies":[{"embeddable":true,"href":"https:\/\/www.pcnen.com\/portal\/wp-json\/wp\/v2\/comments?post=177391"}],"version-history":[{"count":0,"href":"https:\/\/www.pcnen.com\/portal\/wp-json\/wp\/v2\/posts\/177391\/revisions"}],"wp:attachment":[{"href":"https:\/\/www.pcnen.com\/portal\/wp-json\/wp\/v2\/media?parent=177391"}],"wp:term":[{"taxonomy":"category","embeddable":true,"href":"https:\/\/www.pcnen.com\/portal\/wp-json\/wp\/v2\/categories?post=177391"},{"taxonomy":"post_tag","embeddable":true,"href":"https:\/\/www.pcnen.com\/portal\/wp-json\/wp\/v2\/tags?post=177391"}],"curies":[{"name":"wp","href":"https:\/\/api.w.org\/{rel}","templated":true}]}}