{"id":174338,"date":"2015-03-07T21:02:10","date_gmt":"2015-03-07T20:02:10","guid":{"rendered":"http:\/\/www.pcnen.com\/portal\/?p=174338"},"modified":"2015-03-08T13:39:35","modified_gmt":"2015-03-08T12:39:35","slug":"radnici-u-evropi-najcesce-obolijevaju-od-raka","status":"publish","type":"post","link":"https:\/\/www.pcnen.com\/portal\/2015\/03\/07\/radnici-u-evropi-najcesce-obolijevaju-od-raka\/","title":{"rendered":"Radnici u Evropi naj\u010de\u0161\u0107e obolijevaju od raka"},"content":{"rendered":"<p><a href=\"http:\/\/www.pcnen.com\/portal\/wp-content\/uploads\/2011\/11\/celije-raka.jpg\"><img loading=\"lazy\" decoding=\"async\" class=\"alignleft size-thumbnail wp-image-68417\" title=\"celije raka\" src=\"http:\/\/www.pcnen.com\/portal\/wp-content\/uploads\/2011\/11\/celije-raka-150x147.jpg\" alt=\"\" width=\"150\" height=\"147\" \/><\/a>Rak, stres i respiratorna oboljenja naj\u010de\u0161\u0107i su zdravstveni problemi sa kojima se susre\u0107u radnici \u0161irom Evrope, rekao je vi\u0161i istra\u017eiva\u010d Evropskog sindikalnog instituta (ETUI) Viktor Kempa.<\/p>\n<p>On je nakon odr\u017eanog Foruma o bezbijednosti i zdravlju na radu u Beogradu koji su nedavno organizovali ETUI i Savez samostalnih sindikata Srbije, rekao da 53 odsto zaposlenih u Evropi oboli od nekog oblika kancera, 28 odsto njih se susretne sa psiho-socijalnim bolestima, dok tre\u0107e mjesto, sa \u0161est odsto, zauzimaju respiratorna oboljenja, prenosi Tanjug.<\/p>\n<p>Kao dobar primjer sprovo\u0111enja mjera bezbijednosti i za\u0161tite na radu naveo je skandinavske zemlje, a posebno \u0160vedsku u kojoj je oko 90 odsto zaposlenih organizovano u sindikate koji, kako je naveo, vode ra\u010duna o sprovo\u0111enju tih mjera.<\/p>\n<p>&nbsp;<\/p>\n","protected":false},"excerpt":{"rendered":"<p>Rak, stres i respiratorna oboljenja naj\u010de\u0161\u0107i su zdravstveni problemi sa kojima se susre\u0107u radnici \u0161irom Evrope, rekao je vi\u0161i istra\u017eiva\u010d Evropskog sindikalnog instituta (ETUI) Viktor Kempa. On je nakon odr\u017eanog Foruma o bezbijednosti i zdravlju na radu u Beogradu koji su nedavno organizovali ETUI i Savez samostalnih sindikata Srbije, rekao da 53 odsto zaposlenih u [&hellip;]<\/p>\n","protected":false},"author":1,"featured_media":0,"comment_status":"open","ping_status":"closed","sticky":false,"template":"","format":"standard","meta":{"_seopress_robots_primary_cat":"","_seopress_titles_title":"","_seopress_titles_desc":"","_seopress_robots_index":"","_et_pb_use_builder":"","_et_pb_old_content":"","_et_gb_content_width":"","inline_featured_image":false,"footnotes":""},"categories":[14],"tags":[],"class_list":["post-174338","post","type-post","status-publish","format-standard","hentry","category-vijesti"],"_links":{"self":[{"href":"https:\/\/www.pcnen.com\/portal\/wp-json\/wp\/v2\/posts\/174338","targetHints":{"allow":["GET"]}}],"collection":[{"href":"https:\/\/www.pcnen.com\/portal\/wp-json\/wp\/v2\/posts"}],"about":[{"href":"https:\/\/www.pcnen.com\/portal\/wp-json\/wp\/v2\/types\/post"}],"author":[{"embeddable":true,"href":"https:\/\/www.pcnen.com\/portal\/wp-json\/wp\/v2\/users\/1"}],"replies":[{"embeddable":true,"href":"https:\/\/www.pcnen.com\/portal\/wp-json\/wp\/v2\/comments?post=174338"}],"version-history":[{"count":0,"href":"https:\/\/www.pcnen.com\/portal\/wp-json\/wp\/v2\/posts\/174338\/revisions"}],"wp:attachment":[{"href":"https:\/\/www.pcnen.com\/portal\/wp-json\/wp\/v2\/media?parent=174338"}],"wp:term":[{"taxonomy":"category","embeddable":true,"href":"https:\/\/www.pcnen.com\/portal\/wp-json\/wp\/v2\/categories?post=174338"},{"taxonomy":"post_tag","embeddable":true,"href":"https:\/\/www.pcnen.com\/portal\/wp-json\/wp\/v2\/tags?post=174338"}],"curies":[{"name":"wp","href":"https:\/\/api.w.org\/{rel}","templated":true}]}}