{"id":174272,"date":"2015-03-07T07:51:45","date_gmt":"2015-03-07T06:51:45","guid":{"rendered":"http:\/\/www.pcnen.com\/portal\/?p=174272"},"modified":"2015-03-07T07:51:41","modified_gmt":"2015-03-07T06:51:41","slug":"muskarci-su-narcisoidniji-od-zena","status":"publish","type":"post","link":"https:\/\/www.pcnen.com\/portal\/2015\/03\/07\/muskarci-su-narcisoidniji-od-zena\/","title":{"rendered":"Mu\u0161karci su narcisoidniji od \u017eena"},"content":{"rendered":"<p><a href=\"http:\/\/www.pcnen.com\/portal\/wp-content\/uploads\/2011\/10\/romantican-muskarac.jpg\"><img loading=\"lazy\" decoding=\"async\" class=\"alignleft size-thumbnail wp-image-65115\" title=\"romantican muskarac\" src=\"http:\/\/www.pcnen.com\/portal\/wp-content\/uploads\/2011\/10\/romantican-muskarac-150x150.jpg\" alt=\"\" width=\"150\" height=\"150\" \/><\/a>Mu\u0161karci imaju tendenciju da budu narcisoidniji od \u017eena, saop\u0161tili su nau\u010dnici na osnovu analize 355 studija objavljenih u poslednjih 30 godina.<\/p>\n<p>&#8220;Narcisoidnost je povezana s raznim mentalnim disfunkcijama me\u0111u kojima nemogu\u0107nost odr\u017eavanja trajnih me\u0111uljudskih odnosa, agresivnost i neeti\u010dko pona\u0161anje&#8221;, izjavila je autorka studije Emili Grid\u017ealva sa Univerziteta u Bafalu.<\/p>\n<p>Prema njenim re\u010dima, narcisoidnost. me\u0111utim, pozitivno uti\u010de na samopouzdanje i emocionalnu stabilnost i podsti\u010de volju za liderstvom.<\/p>\n<p>&#8220;Analiziraju\u0107i razlike izme\u0111u mu\u0161karaca i \u017eena u narcisoidnosti mogu\u0107e je utvrditi polne razlike prema pristupu odgovornim polo\u017eajima, kao i drugim va\u017enim oblastima&#8221;, navodi se u studiji.<\/p>\n<p>Nau\u010dnici su utvrdili da mu\u0161karci imaju ve\u0107u \u017eelju da dominiraju od \u017eena.<\/p>\n<p>&#8220;U pore\u0111enju sa \u017eenama, mu\u0161karci pokazuju ve\u0107e samopouzdanje i \u017eelju da vladaju&#8221;, naveli su stru\u010dnjaci i dodali da mu\u0161karci pokazuju ve\u0107i stepen sujete, potrebe da im se drugi dive i zbog toga imaju manje empatije od \u017eena.<\/p>\n<p>Beta<\/p>\n<p>&nbsp;<\/p>\n","protected":false},"excerpt":{"rendered":"<p>Mu\u0161karci imaju tendenciju da budu narcisoidniji od \u017eena, saop\u0161tili su nau\u010dnici na osnovu analize 355 studija objavljenih u poslednjih 30 godina. &#8220;Narcisoidnost je povezana s raznim mentalnim disfunkcijama me\u0111u kojima nemogu\u0107nost odr\u017eavanja trajnih me\u0111uljudskih odnosa, agresivnost i neeti\u010dko pona\u0161anje&#8221;, izjavila je autorka studije Emili Grid\u017ealva sa Univerziteta u Bafalu. Prema njenim re\u010dima, narcisoidnost. me\u0111utim, pozitivno [&hellip;]<\/p>\n","protected":false},"author":1,"featured_media":0,"comment_status":"open","ping_status":"closed","sticky":false,"template":"","format":"standard","meta":{"_seopress_robots_primary_cat":"","_seopress_titles_title":"","_seopress_titles_desc":"","_seopress_robots_index":"","_et_pb_use_builder":"","_et_pb_old_content":"","_et_gb_content_width":"","inline_featured_image":false,"footnotes":""},"categories":[8],"tags":[],"class_list":["post-174272","post","type-post","status-publish","format-standard","hentry","category-svastara"],"_links":{"self":[{"href":"https:\/\/www.pcnen.com\/portal\/wp-json\/wp\/v2\/posts\/174272","targetHints":{"allow":["GET"]}}],"collection":[{"href":"https:\/\/www.pcnen.com\/portal\/wp-json\/wp\/v2\/posts"}],"about":[{"href":"https:\/\/www.pcnen.com\/portal\/wp-json\/wp\/v2\/types\/post"}],"author":[{"embeddable":true,"href":"https:\/\/www.pcnen.com\/portal\/wp-json\/wp\/v2\/users\/1"}],"replies":[{"embeddable":true,"href":"https:\/\/www.pcnen.com\/portal\/wp-json\/wp\/v2\/comments?post=174272"}],"version-history":[{"count":0,"href":"https:\/\/www.pcnen.com\/portal\/wp-json\/wp\/v2\/posts\/174272\/revisions"}],"wp:attachment":[{"href":"https:\/\/www.pcnen.com\/portal\/wp-json\/wp\/v2\/media?parent=174272"}],"wp:term":[{"taxonomy":"category","embeddable":true,"href":"https:\/\/www.pcnen.com\/portal\/wp-json\/wp\/v2\/categories?post=174272"},{"taxonomy":"post_tag","embeddable":true,"href":"https:\/\/www.pcnen.com\/portal\/wp-json\/wp\/v2\/tags?post=174272"}],"curies":[{"name":"wp","href":"https:\/\/api.w.org\/{rel}","templated":true}]}}