{"id":174263,"date":"2015-03-06T18:28:09","date_gmt":"2015-03-06T17:28:09","guid":{"rendered":"http:\/\/www.pcnen.com\/portal\/?p=174263"},"modified":"2015-03-06T18:28:09","modified_gmt":"2015-03-06T17:28:09","slug":"danska-zeli-karikature-proroka-muhameda-u-udzbenicima","status":"publish","type":"post","link":"https:\/\/www.pcnen.com\/portal\/2015\/03\/06\/danska-zeli-karikature-proroka-muhameda-u-udzbenicima\/","title":{"rendered":"Danska \u017eeli karikature proroka Muhameda u ud\u017ebenicima"},"content":{"rendered":"<p>Dansko prosvjetno udru\u017eenje \u017eeli da kontroverzne karikature proroka Muhameda budu uvr\u0161tene u \u0161kolske ud\u017ebenike.<\/p>\n<p>Udru\u017eenje nastavnika vjeronauke (The Association of Religious Education Teachers) \u017eeli da stripovi budu dio nastavnog materijala &#8220;\u0161to prije, to bolje&#8221;, objavljeno je na sajtu danske radio-stanice DR Niheder.<\/p>\n<p>Izu\u010davanje karikatura pomo\u0107i \u0107e da se analiziraju veze izme\u0111u vjerskih, dru\u0161tvenih i politi\u010dkih problema, rekao je predsjednik udru\u017eenja D\u017don Ridal (John Rydahl), prenosi Srna.<\/p>\n<p>&#8220;Ova &#8216;muhamedanska kriza&#8217; o\u010digledno predstavlja problem u vjerskom obrazovanju i \u010dudi me da se ve\u0107 nisu pojavili ud\u017ebenici sa tim crte\u017eima&#8221;, rekao je on.<\/p>\n<p>Dansko Ministarstvo obrazovanja saop\u0161tilo je da je ve\u0107 mnogo \u0161kola u zemlji obradilo ovu temu karikatura na \u010dasovima istorije i sociologije.<\/p>\n<p>Predlog je nai\u0161ao na podr\u0161ku nekih danskih politi\u010dara, a danska Narodna partija zatra\u017eila je da karikature budu obavezan nastavni materijal na \u010dasovima vjeronauke.<\/p>\n<p>Karikature su prvi put objavljene u danskom listu Jilands posten 2005. godine i izazvale su nasilne proteste u nekim muslimanskim zemljama, podsje\u0107a BBC.<\/p>\n<p>&nbsp;<\/p>\n","protected":false},"excerpt":{"rendered":"<p>Dansko prosvjetno udru\u017eenje \u017eeli da kontroverzne karikature proroka Muhameda budu uvr\u0161tene u \u0161kolske ud\u017ebenike. Udru\u017eenje nastavnika vjeronauke (The Association of Religious Education Teachers) \u017eeli da stripovi budu dio nastavnog materijala &#8220;\u0161to prije, to bolje&#8221;, objavljeno je na sajtu danske radio-stanice DR Niheder. Izu\u010davanje karikatura pomo\u0107i \u0107e da se analiziraju veze izme\u0111u vjerskih, dru\u0161tvenih i politi\u010dkih [&hellip;]<\/p>\n","protected":false},"author":1,"featured_media":0,"comment_status":"open","ping_status":"closed","sticky":false,"template":"","format":"standard","meta":{"_seopress_robots_primary_cat":"","_seopress_titles_title":"","_seopress_titles_desc":"","_seopress_robots_index":"","_et_pb_use_builder":"","_et_pb_old_content":"","_et_gb_content_width":"","inline_featured_image":false,"footnotes":""},"categories":[14],"tags":[],"class_list":["post-174263","post","type-post","status-publish","format-standard","hentry","category-vijesti"],"_links":{"self":[{"href":"https:\/\/www.pcnen.com\/portal\/wp-json\/wp\/v2\/posts\/174263","targetHints":{"allow":["GET"]}}],"collection":[{"href":"https:\/\/www.pcnen.com\/portal\/wp-json\/wp\/v2\/posts"}],"about":[{"href":"https:\/\/www.pcnen.com\/portal\/wp-json\/wp\/v2\/types\/post"}],"author":[{"embeddable":true,"href":"https:\/\/www.pcnen.com\/portal\/wp-json\/wp\/v2\/users\/1"}],"replies":[{"embeddable":true,"href":"https:\/\/www.pcnen.com\/portal\/wp-json\/wp\/v2\/comments?post=174263"}],"version-history":[{"count":0,"href":"https:\/\/www.pcnen.com\/portal\/wp-json\/wp\/v2\/posts\/174263\/revisions"}],"wp:attachment":[{"href":"https:\/\/www.pcnen.com\/portal\/wp-json\/wp\/v2\/media?parent=174263"}],"wp:term":[{"taxonomy":"category","embeddable":true,"href":"https:\/\/www.pcnen.com\/portal\/wp-json\/wp\/v2\/categories?post=174263"},{"taxonomy":"post_tag","embeddable":true,"href":"https:\/\/www.pcnen.com\/portal\/wp-json\/wp\/v2\/tags?post=174263"}],"curies":[{"name":"wp","href":"https:\/\/api.w.org\/{rel}","templated":true}]}}