{"id":174260,"date":"2015-03-06T18:24:03","date_gmt":"2015-03-06T17:24:03","guid":{"rendered":"http:\/\/www.pcnen.com\/portal\/?p=174260"},"modified":"2015-03-06T18:24:03","modified_gmt":"2015-03-06T17:24:03","slug":"edvard-snouden-trazi-azil-u-svajcarskoj","status":"publish","type":"post","link":"https:\/\/www.pcnen.com\/portal\/2015\/03\/06\/edvard-snouden-trazi-azil-u-svajcarskoj\/","title":{"rendered":"Edvard Snouden tra\u017ei azil u \u0160vajcarskoj"},"content":{"rendered":"<p>Biv\u0161i ameri\u010dki obave\u0161tajac Edvard Snouden uputio je javni apel \u0161vajcarskim vlastima da mu odobre azil, jer bi, kako je naveo, \u017eelio da se vrati u tu zemlju u kojoj je nekada \u017eivio kao tajni agent CIA.<\/p>\n<p>&#8220;Volio bih da se vratim u \u0160vajcarsku, neke od mojih najljep\u0161ih uspomena su vezane za \u017denevu. To je divno mjesto&#8221;, rekao je Snouden putem video linka iz Moskve u obra\u0107anju publici koja je na filmskom festivalu u \u017denevi pratila projekciju dokumentarnog filma Sitizenfor koji je snimljen o njemu, prenosi Tanjug.<\/p>\n<p>On je izrazio nadu da bi \u0160vajcarska kao politi\u010dki neutralna zemlja mogla da mu iza\u0111e u susret i odobri mu azil, istovremeno hvale\u0107i tamo\u0161nje multikulturne razlike i nivo ljudskih prava.<\/p>\n<p>Snouden je kazao da je u 21 evropskoj zemlji zatra\u017eio azil, nakon \u0161to su SAD poni\u0161tile njegov paso\u0161 i po\u0161to je odustao od preseljenja u Ekvador.<\/p>\n<p>Edvard Snouden se nalazi u Rusiji gdje je dobio azil posle objavljivanja poverljivih dokaza da je ameri\u010dka Nacionalna slu\u017eba bezbijednosti (NSA), gdje je bio zaposlen, \u0161pijunirala gra\u0111ane i dr\u017eave \u0161irom svijeta.<\/p>\n<p>&nbsp;<\/p>\n","protected":false},"excerpt":{"rendered":"<p>Biv\u0161i ameri\u010dki obave\u0161tajac Edvard Snouden uputio je javni apel \u0161vajcarskim vlastima da mu odobre azil, jer bi, kako je naveo, \u017eelio da se vrati u tu zemlju u kojoj je nekada \u017eivio kao tajni agent CIA. &#8220;Volio bih da se vratim u \u0160vajcarsku, neke od mojih najljep\u0161ih uspomena su vezane za \u017denevu. To je divno [&hellip;]<\/p>\n","protected":false},"author":1,"featured_media":0,"comment_status":"open","ping_status":"closed","sticky":false,"template":"","format":"standard","meta":{"_seopress_robots_primary_cat":"","_seopress_titles_title":"","_seopress_titles_desc":"","_seopress_robots_index":"","_et_pb_use_builder":"","_et_pb_old_content":"","_et_gb_content_width":"","inline_featured_image":false,"footnotes":""},"categories":[14],"tags":[],"class_list":["post-174260","post","type-post","status-publish","format-standard","hentry","category-vijesti"],"_links":{"self":[{"href":"https:\/\/www.pcnen.com\/portal\/wp-json\/wp\/v2\/posts\/174260","targetHints":{"allow":["GET"]}}],"collection":[{"href":"https:\/\/www.pcnen.com\/portal\/wp-json\/wp\/v2\/posts"}],"about":[{"href":"https:\/\/www.pcnen.com\/portal\/wp-json\/wp\/v2\/types\/post"}],"author":[{"embeddable":true,"href":"https:\/\/www.pcnen.com\/portal\/wp-json\/wp\/v2\/users\/1"}],"replies":[{"embeddable":true,"href":"https:\/\/www.pcnen.com\/portal\/wp-json\/wp\/v2\/comments?post=174260"}],"version-history":[{"count":0,"href":"https:\/\/www.pcnen.com\/portal\/wp-json\/wp\/v2\/posts\/174260\/revisions"}],"wp:attachment":[{"href":"https:\/\/www.pcnen.com\/portal\/wp-json\/wp\/v2\/media?parent=174260"}],"wp:term":[{"taxonomy":"category","embeddable":true,"href":"https:\/\/www.pcnen.com\/portal\/wp-json\/wp\/v2\/categories?post=174260"},{"taxonomy":"post_tag","embeddable":true,"href":"https:\/\/www.pcnen.com\/portal\/wp-json\/wp\/v2\/tags?post=174260"}],"curies":[{"name":"wp","href":"https:\/\/api.w.org\/{rel}","templated":true}]}}