{"id":174257,"date":"2015-03-06T17:11:36","date_gmt":"2015-03-06T16:11:36","guid":{"rendered":"http:\/\/www.pcnen.com\/portal\/?p=174257"},"modified":"2015-03-06T17:11:36","modified_gmt":"2015-03-06T16:11:36","slug":"cgzene-zaraduju-18-odsto-manje-od-muskaraca","status":"publish","type":"post","link":"https:\/\/www.pcnen.com\/portal\/2015\/03\/06\/cgzene-zaraduju-18-odsto-manje-od-muskaraca\/","title":{"rendered":"CG:\u017dene zara\u0111uju 18 odsto manje od mu\u0161karaca"},"content":{"rendered":"<p>Crna Gora je napredovala u obrazovanju i zapo\u0161ljavanju \u017eena, ali treba jo\u0161 mnogo da uradi na eliminaciji nasilja, podsticanja \u017eenskog preduzetni\u0161tva i u\u010de\u0161\u0107a u odlu\u010divanju, ocijenjeno je iz Organizacije Ujedinjenih nacija (UN) u Podgorici.<\/p>\n<p>Oni su, povodom Dana \u017eena \u2013 8. marta, kazali da su \u017eene, suprotstavljaju\u0107i se diskriminaciji, segregaciji i ugnjetavanju, uspjele da ostave sna\u017ean pe\u010dat \u0161irom svijeta, i da Crna Gora nije u tome izuzetak.<\/p>\n<p>V.d. stalnog koordinatora UN i predstavnik UNICEF u Podgorici, Bend\u017eamin Perks, kazao je da u Crnoj Gori \u017eene zara\u0111uju 18 odsto manje od mu\u0161karaca koji rade isti posao.<\/p>\n<p>\u201cIstovremeno, \u017eene, koje \u010dine polovinu ljudskih resursa u zemlji, u\u010destvuju sa manje od deset odsto u preduzetni\u0161tvu. O\u010digledna je i potreba za daljim ja\u010danjem i pove\u0107anjem u\u010de\u0161\u0107a \u017eena u politici\u201d, smatra Perks.<\/p>\n<p>On je kazao da su, zahvaljuju\u0107i uvo\u0111enju Zakona o za\u0161titi od nasilja u porodici, podizanju svijesti i naporima da se oja\u010da koordinirani multi-institucionalni odgovor, rezultirali porastom prijavljivanja nasilja u porodici za 270 odsto u protekle tri godine, prenosi Mina.<\/p>\n<p>On je ocijenio da je neophodan sna\u017ean sistem za\u0161tite za \u017eene i konstantan rad na izgradnji ambijenta u kojem su osna\u017eene sve \u017eene kako bi, kako je naveo, mogle da ostvare svoja ljudska prava i u potpunosti razviju svoje potencijale.<\/p>\n<p>\u201cZa Crnu Goru, ova godina je presudna za pozicioniranje rodne ravnopravnosti u vrh nacionalne razvojne agende\u201c, poru\u010dio je Perks.<\/p>\n<p>&nbsp;<\/p>\n","protected":false},"excerpt":{"rendered":"<p>Crna Gora je napredovala u obrazovanju i zapo\u0161ljavanju \u017eena, ali treba jo\u0161 mnogo da uradi na eliminaciji nasilja, podsticanja \u017eenskog preduzetni\u0161tva i u\u010de\u0161\u0107a u odlu\u010divanju, ocijenjeno je iz Organizacije Ujedinjenih nacija (UN) u Podgorici. Oni su, povodom Dana \u017eena \u2013 8. marta, kazali da su \u017eene, suprotstavljaju\u0107i se diskriminaciji, segregaciji i ugnjetavanju, uspjele da ostave [&hellip;]<\/p>\n","protected":false},"author":1,"featured_media":0,"comment_status":"open","ping_status":"closed","sticky":false,"template":"","format":"standard","meta":{"_seopress_robots_primary_cat":"","_seopress_titles_title":"","_seopress_titles_desc":"","_seopress_robots_index":"","_et_pb_use_builder":"","_et_pb_old_content":"","_et_gb_content_width":"","inline_featured_image":false,"footnotes":""},"categories":[14],"tags":[],"class_list":["post-174257","post","type-post","status-publish","format-standard","hentry","category-vijesti"],"_links":{"self":[{"href":"https:\/\/www.pcnen.com\/portal\/wp-json\/wp\/v2\/posts\/174257","targetHints":{"allow":["GET"]}}],"collection":[{"href":"https:\/\/www.pcnen.com\/portal\/wp-json\/wp\/v2\/posts"}],"about":[{"href":"https:\/\/www.pcnen.com\/portal\/wp-json\/wp\/v2\/types\/post"}],"author":[{"embeddable":true,"href":"https:\/\/www.pcnen.com\/portal\/wp-json\/wp\/v2\/users\/1"}],"replies":[{"embeddable":true,"href":"https:\/\/www.pcnen.com\/portal\/wp-json\/wp\/v2\/comments?post=174257"}],"version-history":[{"count":0,"href":"https:\/\/www.pcnen.com\/portal\/wp-json\/wp\/v2\/posts\/174257\/revisions"}],"wp:attachment":[{"href":"https:\/\/www.pcnen.com\/portal\/wp-json\/wp\/v2\/media?parent=174257"}],"wp:term":[{"taxonomy":"category","embeddable":true,"href":"https:\/\/www.pcnen.com\/portal\/wp-json\/wp\/v2\/categories?post=174257"},{"taxonomy":"post_tag","embeddable":true,"href":"https:\/\/www.pcnen.com\/portal\/wp-json\/wp\/v2\/tags?post=174257"}],"curies":[{"name":"wp","href":"https:\/\/api.w.org\/{rel}","templated":true}]}}