{"id":174228,"date":"2015-03-06T12:28:22","date_gmt":"2015-03-06T11:28:22","guid":{"rendered":"http:\/\/www.pcnen.com\/portal\/?p=174228"},"modified":"2015-03-06T12:28:22","modified_gmt":"2015-03-06T11:28:22","slug":"bih-osumnjicenima-u-slucaju-strpci-ukinut-pritvor","status":"publish","type":"post","link":"https:\/\/www.pcnen.com\/portal\/2015\/03\/06\/bih-osumnjicenima-u-slucaju-strpci-ukinut-pritvor\/","title":{"rendered":"BiH: Osumnji\u010denima u slu\u010daju \u0160trpci ukinut pritvor"},"content":{"rendered":"<p>Sud BiH ukinuo je pritvor petorici osumnji\u010denih za ubistvo 20 osoba na podru\u010dju Vi\u0161egrada 1993.<\/p>\n<p>Pritvor je ukinut Bobanu In\u0111i\u0107u, Obradu Polugi, Petku In\u0111i\u0107u, Radojici Risti\u0107u i Novaku Polugi. Sud im je odredio mjere zabrane napu\u0161tanja boravi\u0161ta i putovanja, te sastajanja sa odre\u0111enim osobama.<\/p>\n<p>Osumnji\u010denima je p<a title=\"Uhap\u0161eno 15 osoba zbog zlo\u010dina u \u0160trpcima\" href=\"http:\/\/www.pcnen.com\/portal\/2014\/12\/05\/uhapseno-15-osoba-zbog-zlocina-u-strpcima\/\">ritvor odre\u0111en 5. decembra pro\u0161le g<\/a>odine, zbog mogu\u0107nosti uticaja na svjedoke ili sau\u010desnike, prenosi Birn.<\/p>\n<p>Osumnji\u010denima se stavlja na teret da su 1993. u mjestu \u0160trpci, op\u0161tina Rudo, oteli 20 putnika iz voza na relaciji Beograd-Bar, a potom ih odveli u Vi\u0161egrad i ubili.<\/p>\n<p>Tu\u017eila\u0161tvo BiH, osim ove petorice, za isti zlo\u010din sumnji\u010di i Olivera Krsmanovi\u0107a, Vuka Ratkovi\u0107a, Luku Dragi\u010devi\u0107a, Dragana Laki\u0107a i Momira Nikoli\u0107a, kojima su ranije odre\u0111ene mjere zabrane.<\/p>\n","protected":false},"excerpt":{"rendered":"<p>Sud BiH ukinuo je pritvor petorici osumnji\u010denih za ubistvo 20 osoba na podru\u010dju Vi\u0161egrada 1993. Pritvor je ukinut Bobanu In\u0111i\u0107u, Obradu Polugi, Petku In\u0111i\u0107u, Radojici Risti\u0107u i Novaku Polugi. Sud im je odredio mjere zabrane napu\u0161tanja boravi\u0161ta i putovanja, te sastajanja sa odre\u0111enim osobama. Osumnji\u010denima je pritvor odre\u0111en 5. decembra pro\u0161le godine, zbog mogu\u0107nosti uticaja [&hellip;]<\/p>\n","protected":false},"author":1,"featured_media":0,"comment_status":"open","ping_status":"closed","sticky":false,"template":"","format":"standard","meta":{"_seopress_robots_primary_cat":"","_seopress_titles_title":"","_seopress_titles_desc":"","_seopress_robots_index":"","_et_pb_use_builder":"","_et_pb_old_content":"","_et_gb_content_width":"","inline_featured_image":false,"footnotes":""},"categories":[14],"tags":[],"class_list":["post-174228","post","type-post","status-publish","format-standard","hentry","category-vijesti"],"_links":{"self":[{"href":"https:\/\/www.pcnen.com\/portal\/wp-json\/wp\/v2\/posts\/174228","targetHints":{"allow":["GET"]}}],"collection":[{"href":"https:\/\/www.pcnen.com\/portal\/wp-json\/wp\/v2\/posts"}],"about":[{"href":"https:\/\/www.pcnen.com\/portal\/wp-json\/wp\/v2\/types\/post"}],"author":[{"embeddable":true,"href":"https:\/\/www.pcnen.com\/portal\/wp-json\/wp\/v2\/users\/1"}],"replies":[{"embeddable":true,"href":"https:\/\/www.pcnen.com\/portal\/wp-json\/wp\/v2\/comments?post=174228"}],"version-history":[{"count":0,"href":"https:\/\/www.pcnen.com\/portal\/wp-json\/wp\/v2\/posts\/174228\/revisions"}],"wp:attachment":[{"href":"https:\/\/www.pcnen.com\/portal\/wp-json\/wp\/v2\/media?parent=174228"}],"wp:term":[{"taxonomy":"category","embeddable":true,"href":"https:\/\/www.pcnen.com\/portal\/wp-json\/wp\/v2\/categories?post=174228"},{"taxonomy":"post_tag","embeddable":true,"href":"https:\/\/www.pcnen.com\/portal\/wp-json\/wp\/v2\/tags?post=174228"}],"curies":[{"name":"wp","href":"https:\/\/api.w.org\/{rel}","templated":true}]}}