{"id":174219,"date":"2015-03-06T12:13:57","date_gmt":"2015-03-06T11:13:57","guid":{"rendered":"http:\/\/www.pcnen.com\/portal\/?p=174219"},"modified":"2015-03-06T12:13:57","modified_gmt":"2015-03-06T11:13:57","slug":"rusija-ne-radimo-nista-sto-nato-vec-nije-radio-u-jugoslaviji","status":"publish","type":"post","link":"https:\/\/www.pcnen.com\/portal\/2015\/03\/06\/rusija-ne-radimo-nista-sto-nato-vec-nije-radio-u-jugoslaviji\/","title":{"rendered":"Rusija: Ne radimo ni\u0161ta \u0161to NATO ve\u0107 nije radio u Jugoslaviji"},"content":{"rendered":"<p>Sjevernoatalanski savez ima dugu istoriju &#8220;hibridnih operacija&#8221;, izjavio je stalni predstavnik Rusije u NATO Aleksandar Gru\u0161ko, navode\u0107i kao primjer biv\u0161u Jugoslaviju.<\/p>\n<p>&#8220;Svaka dr\u017eava ili organizacija mo\u017ee da u\u010di iz iskustva Alijanse&#8221;, rekao je Gru\u0161ko povodom \u010destih optu\u017ebi da Rusija vodi neku vrstu &#8220;hibridnog rata&#8221; u Ukrajini koriste\u0107i metode koje nisu vojne prirode.<\/p>\n<p>&#8220;Bili smo svjedoci vrlo dobro poznatih znakova vojnih ucjena, tajnih intervencija, snabdijevanja oru\u017ejem i odbrambenim sistemima, diplomatskog licemjerja, manipulacije masovnim medijima i eksplicitnog \u0161irenja dezinformacija u biv\u0161oj Jugoslaviji i Libiji 2011&#8221;, izjavio je Gru\u0161ko, prenosi Beta.<\/p>\n<p>NATO zvani\u010dnici obi\u010dno koriste upravo ova sredstva hibridnog rata kada optu\u017euju Rusiju da kreira novu vrstu vojne operacije i sprovodi je u Ukrajini, navodi ruska agencija Tass.<\/p>\n<p>Zamjenik generalnog sekretara NATO i biv\u0161i ameri\u010dki amabasador u Rusiji Aleksandar Ver\u0161bou izjavio je na konferenciji o zajedni\u010dkoj spoljnoj i bezbijednosnoj politici EU u Letoniji da je Rusija za vrijeme Vladimira Putina razvila &#8220;novi oblik hibridnog ratovanja&#8221;.<\/p>\n<p>Ver\u0161bou je rekao da je cilj ruskog predsjednika da pretvori Ukrajinu u propalu dr\u017eavu i suzbije i diskredituje alternativne glasove u Rusiji, kako bi sprije\u010dio ruski Majdan.<\/p>\n<p>&nbsp;<\/p>\n","protected":false},"excerpt":{"rendered":"<p>Sjevernoatalanski savez ima dugu istoriju &#8220;hibridnih operacija&#8221;, izjavio je stalni predstavnik Rusije u NATO Aleksandar Gru\u0161ko, navode\u0107i kao primjer biv\u0161u Jugoslaviju. &#8220;Svaka dr\u017eava ili organizacija mo\u017ee da u\u010di iz iskustva Alijanse&#8221;, rekao je Gru\u0161ko povodom \u010destih optu\u017ebi da Rusija vodi neku vrstu &#8220;hibridnog rata&#8221; u Ukrajini koriste\u0107i metode koje nisu vojne prirode. &#8220;Bili smo svjedoci [&hellip;]<\/p>\n","protected":false},"author":1,"featured_media":0,"comment_status":"open","ping_status":"closed","sticky":false,"template":"","format":"standard","meta":{"_seopress_robots_primary_cat":"","_seopress_titles_title":"","_seopress_titles_desc":"","_seopress_robots_index":"","_et_pb_use_builder":"","_et_pb_old_content":"","_et_gb_content_width":"","inline_featured_image":false,"footnotes":""},"categories":[14],"tags":[],"class_list":["post-174219","post","type-post","status-publish","format-standard","hentry","category-vijesti"],"_links":{"self":[{"href":"https:\/\/www.pcnen.com\/portal\/wp-json\/wp\/v2\/posts\/174219","targetHints":{"allow":["GET"]}}],"collection":[{"href":"https:\/\/www.pcnen.com\/portal\/wp-json\/wp\/v2\/posts"}],"about":[{"href":"https:\/\/www.pcnen.com\/portal\/wp-json\/wp\/v2\/types\/post"}],"author":[{"embeddable":true,"href":"https:\/\/www.pcnen.com\/portal\/wp-json\/wp\/v2\/users\/1"}],"replies":[{"embeddable":true,"href":"https:\/\/www.pcnen.com\/portal\/wp-json\/wp\/v2\/comments?post=174219"}],"version-history":[{"count":0,"href":"https:\/\/www.pcnen.com\/portal\/wp-json\/wp\/v2\/posts\/174219\/revisions"}],"wp:attachment":[{"href":"https:\/\/www.pcnen.com\/portal\/wp-json\/wp\/v2\/media?parent=174219"}],"wp:term":[{"taxonomy":"category","embeddable":true,"href":"https:\/\/www.pcnen.com\/portal\/wp-json\/wp\/v2\/categories?post=174219"},{"taxonomy":"post_tag","embeddable":true,"href":"https:\/\/www.pcnen.com\/portal\/wp-json\/wp\/v2\/tags?post=174219"}],"curies":[{"name":"wp","href":"https:\/\/api.w.org\/{rel}","templated":true}]}}