{"id":174205,"date":"2015-03-06T08:42:07","date_gmt":"2015-03-06T07:42:07","guid":{"rendered":"http:\/\/www.pcnen.com\/portal\/?p=174205"},"modified":"2015-03-06T09:15:46","modified_gmt":"2015-03-06T08:15:46","slug":"amscgprekid-saobracaja-na-brojnim-putevima","status":"publish","type":"post","link":"https:\/\/www.pcnen.com\/portal\/2015\/03\/06\/amscgprekid-saobracaja-na-brojnim-putevima\/","title":{"rendered":"AMSCG:Prekid saobra\u0107aja na brojnim putevima"},"content":{"rendered":"<p><a href=\"http:\/\/www.pcnen.com\/portal\/wp-content\/uploads\/2012\/02\/snijeg-na-putu.jpg\"><img loading=\"lazy\" decoding=\"async\" class=\"alignleft size-thumbnail wp-image-74441\" title=\"snijeg na putu, ilustracija\" src=\"http:\/\/www.pcnen.com\/portal\/wp-content\/uploads\/2012\/02\/snijeg-na-putu-150x150.jpg\" alt=\"\" width=\"150\" height=\"150\" \/><\/a>Zbog ju\u010dera\u0161njih intezivnih padavina i nepovoljnih vremenskih uslova doslo je do prekida saobra\u0107aja na brojnim putevima u Crnoj Gori.<\/p>\n<p>Obustavljen je saobra\u0107aj za sve kategorije vozila na putu Mojkovac-\u0110urdjevica Tara, Niksic-\u0160avnik-\u017dabljak, Plu\u017eine-\u0160\u0107epan polje.<\/p>\n<p>Na putevima Lipci-Grahovo i Nik\u0161i\u0107-Pluzine saobra\u0107aju samo putni\u010dka vozila, pi[e na <a href=\"http:\/\/www.amscg.org\/pages.php?id=3&amp;lang=cg\">stranici AMSCG.<\/a><\/p>\n<p>Na regionalnom putu Slijepa\u010d most-Tomasevo uspostavljen je saobra\u0107aj za putni\u010dka vozila.<\/p>\n<p>Putni pravac Ro\u017eaje-Kula zatvoren je za sve kategorije vozila zbog snijezne lavine.<\/p>\n<p>Kamionima sa prikolicom i \u0161leperima nije dozvoljeno kretanje na putevima Podgorica-Bijelo Polje, Nik\u0161i\u0107-Plu\u017eine, Nik\u0161i\u0107-Iliino brdo i Pljevlja-Ran\u010de, Vilusi-Lipci, Pljevlja-\u0110urdjevi\u0107a Tara.<\/p>\n<p>Na putnom pravcu Nik\u0161i\u0107-\u0160avnik-\u017dabljak obustavljen je saobra\u0107aj zbog snijeznih padavina za sve kategorije vozila.<\/p>\n<p>&nbsp;<\/p>\n","protected":false},"excerpt":{"rendered":"<p>Zbog ju\u010dera\u0161njih intezivnih padavina i nepovoljnih vremenskih uslova doslo je do prekida saobra\u0107aja na brojnim putevima u Crnoj Gori. Obustavljen je saobra\u0107aj za sve kategorije vozila na putu Mojkovac-\u0110urdjevica Tara, Niksic-\u0160avnik-\u017dabljak, Plu\u017eine-\u0160\u0107epan polje. Na putevima Lipci-Grahovo i Nik\u0161i\u0107-Pluzine saobra\u0107aju samo putni\u010dka vozila, pi[e na stranici AMSCG. Na regionalnom putu Slijepa\u010d most-Tomasevo uspostavljen je saobra\u0107aj za [&hellip;]<\/p>\n","protected":false},"author":1,"featured_media":0,"comment_status":"open","ping_status":"closed","sticky":false,"template":"","format":"standard","meta":{"_seopress_robots_primary_cat":"","_seopress_titles_title":"","_seopress_titles_desc":"","_seopress_robots_index":"","_et_pb_use_builder":"","_et_pb_old_content":"","_et_gb_content_width":"","inline_featured_image":false,"footnotes":""},"categories":[14,12],"tags":[],"class_list":["post-174205","post","type-post","status-publish","format-standard","hentry","category-vijesti","category-prica-dana"],"_links":{"self":[{"href":"https:\/\/www.pcnen.com\/portal\/wp-json\/wp\/v2\/posts\/174205","targetHints":{"allow":["GET"]}}],"collection":[{"href":"https:\/\/www.pcnen.com\/portal\/wp-json\/wp\/v2\/posts"}],"about":[{"href":"https:\/\/www.pcnen.com\/portal\/wp-json\/wp\/v2\/types\/post"}],"author":[{"embeddable":true,"href":"https:\/\/www.pcnen.com\/portal\/wp-json\/wp\/v2\/users\/1"}],"replies":[{"embeddable":true,"href":"https:\/\/www.pcnen.com\/portal\/wp-json\/wp\/v2\/comments?post=174205"}],"version-history":[{"count":0,"href":"https:\/\/www.pcnen.com\/portal\/wp-json\/wp\/v2\/posts\/174205\/revisions"}],"wp:attachment":[{"href":"https:\/\/www.pcnen.com\/portal\/wp-json\/wp\/v2\/media?parent=174205"}],"wp:term":[{"taxonomy":"category","embeddable":true,"href":"https:\/\/www.pcnen.com\/portal\/wp-json\/wp\/v2\/categories?post=174205"},{"taxonomy":"post_tag","embeddable":true,"href":"https:\/\/www.pcnen.com\/portal\/wp-json\/wp\/v2\/tags?post=174205"}],"curies":[{"name":"wp","href":"https:\/\/api.w.org\/{rel}","templated":true}]}}