{"id":167454,"date":"2014-12-22T20:43:18","date_gmt":"2014-12-22T19:43:18","guid":{"rendered":"http:\/\/www.pcnen.com\/portal\/?p=167454"},"modified":"2014-12-22T20:43:18","modified_gmt":"2014-12-22T19:43:18","slug":"predstavljen-gradanski-pokret","status":"publish","type":"post","link":"https:\/\/www.pcnen.com\/portal\/2014\/12\/22\/predstavljen-gradanski-pokret\/","title":{"rendered":"Predstavljen Gra\u0111anski pokret"},"content":{"rendered":"<p><a href=\"http:\/\/www.pcnen.com\/portal\/wp-content\/uploads\/2014\/12\/gradjanski-pokret.jpg\"><img loading=\"lazy\" decoding=\"async\" class=\"alignleft size-medium wp-image-167456\" title=\"gradjanski pokret, logo\" src=\"http:\/\/www.pcnen.com\/portal\/wp-content\/uploads\/2014\/12\/gradjanski-pokret-300x116.jpg\" alt=\"\" width=\"300\" height=\"116\" \/><\/a>U Podgorici je danas grupa aktuelnih i nekada\u0161njih politi\u010dara, gra\u0111anskih aktivista i profesora obznanila da osniva Gra\u0111anski pokret, politi\u010dku organizaciju koja \u0107e biti opozicija postoje\u0107em re\u017eimu i otvorena za saradnju sa svima onima koji \u017eele promjene u Crnoj Gori.<\/p>\n<p>\u201cMi smo dio gra\u0111ana Crne Gore koji znaju i vjeruju da na\u0161a dr\u017eava mo\u017ee i mora druga\u010dije , bolje na svim poljima. Na\u0161a vizija Crne Gore nije dru\u0161tvo okovano strahom i siroma\u0161tvom , kriminalom , korupcijom i partitokratijom\u201c, kazao je \u017darko Rak\u010devi\u0107, nekada\u0161nji lider socijaldemokrata i ministar, a sada koordinator Inicijalnog odbora Gra\u0111anskog pokreta.<\/p>\n<p>U Gra\u0111anskom pokretu su i dvojica biv\u0161ih funkcionera Pozitivne CG, Dritan Abazovi\u0107 i Mladen Bojani\u0107, koji su istupili iz stranke nakon sukoba u strana\u010dkom rukovodstvu.<\/p>\n<p>Ovo je nas novogodi\u0161nji poklon gra\u0111anima. Nije nam do stranaka, nego do politi\u010dkih promjena&#8221;, poru\u010dio je Abazovi\u0107 na <a href=\"https:\/\/www.facebook.com\/pages\/Gra%C4%91anski-pokret\/313006358903165\" target=\"_blank\">FB stranici Gra\u0111anskog pokreta.<\/a><\/p>\n<p>\u201cCrnoj Gori nisu potrebne samo spoljnje integracije, ve\u0107 joj je potreban naj\u0161iri gra\u0111anski pokret, koji \u0107e je iznutra integrisati, a ne dalje dijeliti. Na\u0161oj su zemlji potrebni ljudi koji imaju integritet, stru\u010dnost i gra\u0111anska hrabrost, a ne politi\u010dka elita koja je ve\u0107 postala talac opstanka na vlasti i oko vlasti\u201c, rekla je Bo\u017eena Jelu\u0161i\u0107, profesorka iz Budve.<\/p>\n<p>Jedan od osniva\u010da Gra\u0111anskog pokreta je i Rade Bojovi\u0107, prvi \u010dovjek politi\u010dkog kluba Pravedna Crna Gora.<\/p>\n<p>Osim pomenutih, u Inicijalnom odbora Gra\u0111anskog pokreta su: Milo\u0161, Konatara, Sla\u0111ane Kavari\u0107, Branko Lukovac , Boban Batri\u0107evi\u0107, Emin Durakovi\u0107, \u0160erbo Rastoder, Rade Milo\u0161evi\u0107, Dragan \u0106iro Cvetkovi\u0107, Miro Perovi\u0107, Nihad Kr\u0161i\u0107 i Danilo Laki\u0107.<\/p>\n<p>&nbsp;<\/p>\n","protected":false},"excerpt":{"rendered":"<p>Rak\u010devi\u0107: Na\u0161a vizija Crne Gore nije dru\u0161tvo okovano strahom i siroma\u0161tvom<\/p>\n","protected":false},"author":1,"featured_media":0,"comment_status":"open","ping_status":"closed","sticky":false,"template":"","format":"standard","meta":{"_seopress_robots_primary_cat":"","_seopress_titles_title":"","_seopress_titles_desc":"","_seopress_robots_index":"","_et_pb_use_builder":"","_et_pb_old_content":"","_et_gb_content_width":"","inline_featured_image":false,"footnotes":""},"categories":[14,12],"tags":[],"class_list":["post-167454","post","type-post","status-publish","format-standard","hentry","category-vijesti","category-prica-dana"],"_links":{"self":[{"href":"https:\/\/www.pcnen.com\/portal\/wp-json\/wp\/v2\/posts\/167454","targetHints":{"allow":["GET"]}}],"collection":[{"href":"https:\/\/www.pcnen.com\/portal\/wp-json\/wp\/v2\/posts"}],"about":[{"href":"https:\/\/www.pcnen.com\/portal\/wp-json\/wp\/v2\/types\/post"}],"author":[{"embeddable":true,"href":"https:\/\/www.pcnen.com\/portal\/wp-json\/wp\/v2\/users\/1"}],"replies":[{"embeddable":true,"href":"https:\/\/www.pcnen.com\/portal\/wp-json\/wp\/v2\/comments?post=167454"}],"version-history":[{"count":0,"href":"https:\/\/www.pcnen.com\/portal\/wp-json\/wp\/v2\/posts\/167454\/revisions"}],"wp:attachment":[{"href":"https:\/\/www.pcnen.com\/portal\/wp-json\/wp\/v2\/media?parent=167454"}],"wp:term":[{"taxonomy":"category","embeddable":true,"href":"https:\/\/www.pcnen.com\/portal\/wp-json\/wp\/v2\/categories?post=167454"},{"taxonomy":"post_tag","embeddable":true,"href":"https:\/\/www.pcnen.com\/portal\/wp-json\/wp\/v2\/tags?post=167454"}],"curies":[{"name":"wp","href":"https:\/\/api.w.org\/{rel}","templated":true}]}}