{"id":165517,"date":"2014-12-01T12:35:43","date_gmt":"2014-12-01T11:35:43","guid":{"rendered":"http:\/\/www.pcnen.com\/portal\/?p=165517"},"modified":"2014-12-01T13:00:26","modified_gmt":"2014-12-01T12:00:26","slug":"veljovic-i-cikic","status":"publish","type":"post","link":"https:\/\/www.pcnen.com\/portal\/2014\/12\/01\/veljovic-i-cikic\/","title":{"rendered":"Veljovi\u0107 i \u010ciki\u0107"},"content":{"rendered":"<p><!--[if gte mso 9]&gt;--><\/p>\n<p class=\"MsoNormal\" style=\"text-align: justify\"><span lang=\"SR\">Kakve veze imaju Veselin Veljovi\u0107 i Ibrahim \u010ciki\u0107?<\/span><\/p>\n<p class=\"MsoNormal\" style=\"text-align: justify\"><span lang=\"SR\">Niikakve. Ova dva slu\u010daja samo na plasti\u010dan na\u010din pokazuju odnos \u201edemokratske i reformisane\u201c vlasti prema \u017ertvama i njihovim d\u017eelatima.<\/span><\/p>\n<p class=\"MsoNormal\" style=\"text-align: justify\"><span lang=\"SR\">Za Veljovi\u0107a se osnovano sumnja da je bio jedan od glavnih egzekutora etni\u010dkog \u0107i\u0161\u0107enja u Bukovici, ali, u CG nijedan zlo\u010din, pogotovo ratni &#8211; se ne mo\u017ee dokazati, jer svaki (ratni) zlo\u010din vodi do direktne ili indirektne odgovornosti \u0110ukanovi\u0107a. Zato su <span>\u00a0<\/span>Veljovi\u0107 i svi poput njega nagra\u0111uju i stalno napreduju u slu\u017ebi. <\/span><\/p>\n<p class=\"MsoNormal\" style=\"text-align: justify\"><span lang=\"SR\"><a href=\"http:\/\/www.pcnen.com\/portal\/2014\/12\/01\/veljovic-i-cikic\/veljovic_djukanovic1-2\/\" rel=\"attachment wp-att-165530\"><img loading=\"lazy\" decoding=\"async\" class=\"alignleft size-medium wp-image-165530\" src=\"http:\/\/www.pcnen.com\/portal\/wp-content\/uploads\/2014\/12\/Veljovic_Djukanovic11-254x300.jpg\" alt=\"\" width=\"254\" height=\"300\" \/><\/a>Veljovi\u0107 je bio direktor policije, pa savjetnik Vujanovi\u0107u, a sada je postavljen na jednu od najodgovornijih i najosjetljivijih funkcija u dr\u017eavi, funkciji Sekretara Vije\u0107a za nacionalnu bezbjednost. Za Veljovi\u0107 se ve\u017eu i desetine drugih afera. U ve\u0107ini njih dokazi su javno izne\u0161eni, veoma vjerodostojni, <span>\u00a0<\/span>svima poznati, ali zarobljene institucije sistema o\u010dekivano nijesu reagovale. <\/span><\/p>\n<p class=\"MsoNormal\" style=\"text-align: justify\"><span lang=\"SR\">Veljovi\u0107evo imovno stanje za period dok je obavljao visoke dr\u017eavne funkcije je enormno uve\u0107ano, i to svi znamo i vidimo &#8211; predo\u010deno je javnosti, ali &#8230;<\/span><\/p>\n<p class=\"MsoNormal\" style=\"text-align: justify\"><span lang=\"SR\">Nasuprot Veljovi\u0107u, Ibrahim \u010ciki\u0107 je dokazano la\u017eno optu\u017een da je bio slijepi snajperista (apsurd nad apsurdima), koji je kao takav bio \u201ejedan od kolovo\u0111a oru\u017eane pobune\u201c daleke 1993\/4. godine. La\u017eno optu\u017eeni \u010ciki\u0107 je po hap\u0161enju bio izlo\u017een takvoj torturi kakvu je svojevremeno sprovodio jedino Gestapo u nacisti\u010dkoj Njema\u010dkoj, ili general Pino\u010de protiv svojih politi\u010dkih protivnika. O kakvoj torturi se radi, \u010dak ni ja, svjedok tog u\u017easnog vremena, nijesam mogao pretpostavljati sve dok nijesam pro\u010ditao \u010ciki\u0107evo knjigu \u201eGdje sunce ne grije\u201c. <\/span><\/p>\n<p class=\"MsoNormal\" style=\"text-align: justify\"><span lang=\"SR\">A to je vrijeme takve fa\u0161izacije ovog prostora i progona manjina, da sam u jednom treunutku htio da obrijem glavu i stavim zelenu traku preko nadlaktice. Nijesam to uradio samo iz razloga \u0161to sam bio siguran da bi zbog toga stradala moja porodica a ne samo ja.<\/span><\/p>\n<p class=\"MsoNormal\" style=\"text-align: justify\"><span lang=\"SR\"><a href=\"http:\/\/www.pcnen.com\/portal\/2014\/12\/01\/veljovic-i-cikic\/ibrahim-cikic\/\" rel=\"attachment wp-att-165531\"><img loading=\"lazy\" decoding=\"async\" class=\"alignleft size-medium wp-image-165531\" src=\"http:\/\/www.pcnen.com\/portal\/wp-content\/uploads\/2014\/12\/ibrahim-\u010diki\u0107-300x208.jpg\" alt=\"\" width=\"300\" height=\"208\" \/><\/a>\u010ciki\u0107u se zbog knjige u kojoj je ni kriv ni du\u017ean\u00a0opisao pakao kroz koji je pro\u0161ao sudi i presu\u0111uje. Veljovi\u0107 koji je sprovodio tada\u0161nju fa\u0161isti\u010dku a dr\u017eavnu politiku se permanentno nagra\u0111uje. I ne samo Veljovi\u0107, nagra\u0111en je bio i tu\u017ealac u montiranom procesu protiv \u010ciki\u0107a i lidera tada\u0161nje SDA \u2013 Milan Radovi\u0107, koji je bio potom sekretar Skup\u0161tine, zatim direktor ZIKS-a &#8211; kao \u0161to se nagra\u0111uju svi ostali zlo\u010dinci i izvr\u0161itelji tog vremena. Poslije deportacije BiH izbjeglica tako\u0111e su nagra\u0111eni napredovanjima u slu\u017ebi svi odgovorni u tom ratnom zlo\u010dinu. <\/span><\/p>\n<p class=\"MsoNormal\" style=\"text-align: justify\"><span lang=\"SR\">To je obrazac &#8211; obrazac u kome se \u017ertve koje ne pristaju da \u0161ute ponovo ka\u017enjavaju radi disciplinovanja\/\u0161utnje ostalih \u017ertava, a d\u017eelati se nagra\u0111uju kako ne bi odali komandante i planere zlo\u010dina.<\/span><\/p>\n<p class=\"MsoNormal\" style=\"text-align: justify\"><span lang=\"SR\">\u0160to rade politi\u010dki predstavnici manjina zbog takvog stanja? <\/span><\/p>\n<p class=\"MsoNormal\" style=\"text-align: justify\"><span lang=\"SR\">Politi\u010dki predstavnici manjina su korumpirani i njihov zadatak je da se zbog te politi\u010dke i svake druge\u00a0korupcije pona\u0161aju upravo tako kako se pona\u0161aju. Zato nema zahtjeva za lustraciju i zato nijedan ratni zlo\u010din u Crnoj Gori nema sudskog epiloga sa pravosna\u017enim presudama. <\/span><\/p>\n<p class=\"MsoNormal\" style=\"text-align: justify\"><span lang=\"SR\">Korumpirani, la\u017eni politi\u010dki predstavnici manjina zato nijemo \u0107ute kada se \u010ciki\u0107 opet ka\u017enjava, a Veljovi\u0107 i njemu sli\u010dni napreduju.<\/span><\/p>\n","protected":false},"excerpt":{"rendered":"<p>Korumpirani, la\u017eni politi\u010dki predstavnici manjina zato nijemo \u0107ute kada se \u010ciki\u0107 opet ka\u017enjava, a Veljovi\u0107 i njemu sli\u010dni napreduju.<\/p>\n","protected":false},"author":12,"featured_media":0,"comment_status":"open","ping_status":"closed","sticky":false,"template":"","format":"standard","meta":{"_seopress_robots_primary_cat":"","_seopress_titles_title":"","_seopress_titles_desc":"","_seopress_robots_index":"","_et_pb_use_builder":"","_et_pb_old_content":"","_et_gb_content_width":"","inline_featured_image":false,"footnotes":""},"categories":[17],"tags":[],"class_list":["post-165517","post","type-post","status-publish","format-standard","hentry","category-blogovi"],"_links":{"self":[{"href":"https:\/\/www.pcnen.com\/portal\/wp-json\/wp\/v2\/posts\/165517","targetHints":{"allow":["GET"]}}],"collection":[{"href":"https:\/\/www.pcnen.com\/portal\/wp-json\/wp\/v2\/posts"}],"about":[{"href":"https:\/\/www.pcnen.com\/portal\/wp-json\/wp\/v2\/types\/post"}],"author":[{"embeddable":true,"href":"https:\/\/www.pcnen.com\/portal\/wp-json\/wp\/v2\/users\/12"}],"replies":[{"embeddable":true,"href":"https:\/\/www.pcnen.com\/portal\/wp-json\/wp\/v2\/comments?post=165517"}],"version-history":[{"count":0,"href":"https:\/\/www.pcnen.com\/portal\/wp-json\/wp\/v2\/posts\/165517\/revisions"}],"wp:attachment":[{"href":"https:\/\/www.pcnen.com\/portal\/wp-json\/wp\/v2\/media?parent=165517"}],"wp:term":[{"taxonomy":"category","embeddable":true,"href":"https:\/\/www.pcnen.com\/portal\/wp-json\/wp\/v2\/categories?post=165517"},{"taxonomy":"post_tag","embeddable":true,"href":"https:\/\/www.pcnen.com\/portal\/wp-json\/wp\/v2\/tags?post=165517"}],"curies":[{"name":"wp","href":"https:\/\/api.w.org\/{rel}","templated":true}]}}