{"id":164827,"date":"2014-11-23T12:04:21","date_gmt":"2014-11-23T11:04:21","guid":{"rendered":"http:\/\/www.pcnen.com\/portal\/?p=164827"},"modified":"2014-11-23T12:04:21","modified_gmt":"2014-11-23T11:04:21","slug":"promjene-na-kosi-ukazuju-na-zdravstvene-probleme","status":"publish","type":"post","link":"https:\/\/www.pcnen.com\/portal\/2014\/11\/23\/promjene-na-kosi-ukazuju-na-zdravstvene-probleme\/","title":{"rendered":"Promjene na kosi ukazuju na zdravstvene probleme"},"content":{"rendered":"<p><a href=\"http:\/\/www.pcnen.com\/portal\/wp-content\/uploads\/2013\/11\/kosa.jpg\"><img loading=\"lazy\" decoding=\"async\" class=\"alignleft size-full wp-image-129222\" title=\"kosa\" src=\"http:\/\/www.pcnen.com\/portal\/wp-content\/uploads\/2013\/11\/kosa.jpg\" alt=\"\" width=\"100\" height=\"60\" \/><\/a>Ako ste primjetili da vam se promijenio kvalitet kose, to mo\u017ee biti i pokazatelj zdravstvenih problema.<\/p>\n<p><strong>Suva lomljiva kosa<\/strong><\/p>\n<p>Kosa mo\u017ee postati suva i lomljiva od pretjerane upotrebe raznih sredstava za njegu kose, ali mo\u017ee biti i znak dehidratacije.<\/p>\n<p>Ekstremno suva i krta kosa mo\u017ee biti i simptom problema sa \u0161titnom \u017eljezdom.<\/p>\n<p>Radi boljeg kvaliteta kose treba unositi dovoljno vitamina D, minerala, omega-3 kiselina i bakra.<\/p>\n<p><strong>Perut<\/strong><\/p>\n<p>Perut i perutanje ko\u017ee glave \u010desto se javlja kao problem koji se u principu lako rje\u0161ava.<\/p>\n<p>Me\u0111utim, te\u017ei oblik perutanja mo\u017ee biti znak oslabljenog imuniteta.<\/p>\n<p>Odmarajte se dovoljno i izbjegavajte stres kad god mo\u017eete.<\/p>\n<p>Drugi problemi, kao \u0161to su seborei\u010dni dermatitis, psorijaza i ekcem tako\u0111e mogu biti uzrok pojave peruti.<\/p>\n<p>Potrebno je da posjetite dermatologa ili da odete kod doktora op\u0161te prakse.<\/p>\n<p>Po\u017eeljna je upotreba medicinskog \u0161ampona protiv peruti koji sadr\u017ei salicilinsku kiselinu.<\/p>\n<p><strong>Prorije\u0111ena kosa<\/strong><\/p>\n<p>Kod oko 30 odst \u017eena dolazi do prorije\u0111ivanja kose kad u\u0111u u menopauzu, kada se de\u0161avaju hormonske promjene, a kao posljedica dolazi i do gubitka kose.<\/p>\n<p>Problem se mo\u017ee djelimi\u010dno rije\u0161iti uzimanjem odre\u0111enih hormona, a jedini trajni na\u010din jeste transplantacija kose.<\/p>\n<p><strong>Prerano po\u010dinjete sijediti<\/strong><\/p>\n<p>Osobe koje u svojim dvadesetim godinama po\u010dinju da sjede, treba da zahvale genetici.<\/p>\n<p>Ali stres, na\u010din ishrane i hormonski status faktori su koji tako\u0111e uti\u010du na ovu pojavu.<\/p>\n<p>Kad smo pod stresom, organizam tro\u0161i vi\u0161e vitamina B, \u0161to ostavlja posljedice na kosu.<\/p>\n<p>U rijetkim slu\u010dajevima i neka oboljenja, kao \u0161to su dijabetes ili probelemi sa tiroidnom \u017eljezdom tako\u0111e mogu dovesti do prijevremene pojave sjede kose.<\/p>\n<p>Stru\u010dnjaci ka\u017eu da treba da se zabrinete samo u slu\u010daju da ste po\u010deli da sijedite prije nego \u0161to je to bio slu\u010daj sa ostalim \u010dlanovima va\u0161e porodice.<\/p>\n<p><strong>Kra\u0107a kosa na tjemenu<\/strong><\/p>\n<p>Ako ste primjetili da imate kra\u0107e slojeve kose na tjemenu prouzrokovane lomljenjem novoizrasle kose, vjerovatno ne unosite dovoljno proteina.<\/p>\n<p>Zbog toga kosa postaje slaba i postaje manje otporna na toplotu i hemikalije.<\/p>\n<p><strong>Prorije\u0111ena kosa na sljepoo\u010dnicama i \u010delu<\/strong><\/p>\n<p>Do ovoga mo\u017ee do\u0107i ako \u010desto nosite konjski rep i jako zategnete kosu, ili perike za koje se koristi ljepilo, pa \u010dak i ako \u010desto nosite turban, ali nepravilno.<\/p>\n<p><strong>Opadanje kose<\/strong><\/p>\n<p>Do opadanja kose ne dolazi samo me\u0111u starijim mu\u0161karcima, i mo\u017ee nastati usljed nedostatka izvjesnih hranljivih materija.<\/p>\n<p>\u017dene koje imaju policisti\u010dne jajnike tako\u0111e se mogu susresti sa ovim problemom.<\/p>\n<p>Kod njih je primjetan jo\u0161 jedan proces, a to je porast dlakavosti u predjelu oko genitalija, na rukama, grudima i zadnjici.<\/p>\n<p>Blic<\/p>\n","protected":false},"excerpt":{"rendered":"<p>Ako ste primjetili da vam se promijenio kvalitet kose, to mo\u017ee biti i pokazatelj zdravstvenih problema. Suva lomljiva kosa Kosa mo\u017ee postati suva i lomljiva od pretjerane upotrebe raznih sredstava za njegu kose, ali mo\u017ee biti i znak dehidratacije. Ekstremno suva i krta kosa mo\u017ee biti i simptom problema sa \u0161titnom \u017eljezdom. Radi boljeg kvaliteta [&hellip;]<\/p>\n","protected":false},"author":1,"featured_media":0,"comment_status":"open","ping_status":"closed","sticky":false,"template":"","format":"standard","meta":{"_seopress_robots_primary_cat":"","_seopress_titles_title":"","_seopress_titles_desc":"","_seopress_robots_index":"","_et_pb_use_builder":"","_et_pb_old_content":"","_et_gb_content_width":"","inline_featured_image":false,"footnotes":""},"categories":[8],"tags":[],"class_list":["post-164827","post","type-post","status-publish","format-standard","hentry","category-svastara"],"_links":{"self":[{"href":"https:\/\/www.pcnen.com\/portal\/wp-json\/wp\/v2\/posts\/164827","targetHints":{"allow":["GET"]}}],"collection":[{"href":"https:\/\/www.pcnen.com\/portal\/wp-json\/wp\/v2\/posts"}],"about":[{"href":"https:\/\/www.pcnen.com\/portal\/wp-json\/wp\/v2\/types\/post"}],"author":[{"embeddable":true,"href":"https:\/\/www.pcnen.com\/portal\/wp-json\/wp\/v2\/users\/1"}],"replies":[{"embeddable":true,"href":"https:\/\/www.pcnen.com\/portal\/wp-json\/wp\/v2\/comments?post=164827"}],"version-history":[{"count":0,"href":"https:\/\/www.pcnen.com\/portal\/wp-json\/wp\/v2\/posts\/164827\/revisions"}],"wp:attachment":[{"href":"https:\/\/www.pcnen.com\/portal\/wp-json\/wp\/v2\/media?parent=164827"}],"wp:term":[{"taxonomy":"category","embeddable":true,"href":"https:\/\/www.pcnen.com\/portal\/wp-json\/wp\/v2\/categories?post=164827"},{"taxonomy":"post_tag","embeddable":true,"href":"https:\/\/www.pcnen.com\/portal\/wp-json\/wp\/v2\/tags?post=164827"}],"curies":[{"name":"wp","href":"https:\/\/api.w.org\/{rel}","templated":true}]}}