{"id":164674,"date":"2014-11-21T18:18:51","date_gmt":"2014-11-21T17:18:51","guid":{"rendered":"http:\/\/www.pcnen.com\/portal\/?p=164674"},"modified":"2014-11-21T18:58:30","modified_gmt":"2014-11-21T17:58:30","slug":"amnesti-internesenel-sokiran-osudom-s-c","status":"publish","type":"post","link":"https:\/\/www.pcnen.com\/portal\/2014\/11\/21\/amnesti-internesenel-sokiran-osudom-s-c\/","title":{"rendered":"Amnesti interne\u0161enel \u0161okiran osudom S.\u010c."},"content":{"rendered":"<p><a href=\"http:\/\/www.pcnen.com\/portal\/wp-content\/uploads\/2014\/05\/AI.jpg\"><img loading=\"lazy\" decoding=\"async\" class=\"alignleft size-medium wp-image-145768\" title=\"AI\" src=\"http:\/\/www.pcnen.com\/portal\/wp-content\/uploads\/2014\/05\/AI-300x200.jpg\" alt=\"\" width=\"300\" height=\"200\" \/><\/a>Amnesti interne\u0161enel (AI) je <a href=\"http:\/\/www.amnesty.org\/en\/library\/asset\/EUR66\/006\/2014\/en\/4fcc3a25-6765-439b-a88b-595be56b45ae\/eur660062014en.html\" target=\"_blank\">saop\u0161tila danas<\/a> da je \u0161okiran presudom crnogorskog suda protiv moldavske dr\u017eavljanke S.\u010c, koja je bila \u017ertva trafikinga u Crnoj Gori 1999. godine.<\/p>\n<p>Vi\u0161i sud u Podgorici je, u odsustvu, osudio na godinu dana zatvora S.\u010c. zbog davanja la\u017enih izjava da je navodno tada\u0161nji zamjenik vrhovnog dr\u017eavnog tu\u017eioca bio umije\u0161an u njenu trgovinu u periodu 2002-2003. Crnogorski sud je, osim toga, izdao potjernicu za S.\u010c.<\/p>\n<p>Odluka od petka je uslijedila nakon \u017ealbe na <a href=\"http:\/\/www.pcnen.com\/portal\/2014\/06\/30\/slucaj-s-c-moldavka-uslovno-osudena-zbog-laznog-iskaza\/\" target=\"_blank\">uslovnu presudu<\/a> koju je izrekao Osnovni sud ranije ove godine.<\/p>\n<p>AI je saop\u0161tio da je, na temelju informacija koje su bile na raspolaganju od 2002-2005, zaklju\u010dila da je S.\u010c. bila \u017ertva te\u0161kih kr\u0161enja ljudskih prava i zlostavljanja.<\/p>\n<p>Ova me\u0111unarodna organizacija za za\u0161titu ljudskih prava poziva da se presuda ukine i povu\u0107e potjernica za S.\u010c. AI se nada da nakon du\u017ee od 10 godina S.\u010c. ima novi \u017eivot i smatra da je crnogorsko pravosu\u0111e ne smije ponovo stavljati u poziciju \u017ertve.<\/p>\n<p>AI smatra da su vlasti u Crnoj Gori, umjesto progona S.\u010c. zbog ne\u010dega \u0161to je navodno uradila, trebale da za\u0161tite njena prava kao \u017ertve trgovine ljudima, uklju\u010duju\u0107i i pravo na pomo\u0107, podr\u0161ku i naknadu za pretrpljenu \u0161tetu, kako je navedeno u Konvencija o suzbijanju trgovanja ljudima Savjeta Evrope, \u010dija je Crna Gora \u010dlanica.<\/p>\n<p>Afera je pokrenuta u novembru 2002. godine, kada je S.\u010c. optu\u017eila tada\u0161njeg zamjenika VDT Zorana Piperovi\u0107a i jo\u0161 trojicu crnogorskih dr\u017eavljana da su njome trgovali i da su je seksualno zlostavljali. Kao korisnici seksualnih usluga pominjani su i visoki dr\u017eavni funkcioneri. Slu\u010daj je obustavljen nakon \u0161to je nadle\u017eni dr\u017eavni tu\u017eilac odustao od krivi\u010dnog gonjenja osumnji\u010denih usljed nedostatka dokaza.<\/p>\n<p>S.\u010c. je iz Crne Gore preba\u010dena u tre\u0107u zemlju.<\/p>\n<p>Komisija koju je svojevremeno formirala Vlada Crne Gore, utvrdila je da je policija po\u010dinila ozbiljne propuste u slucaju S.C.<\/p>\n<p>Andrija Jovicevic, tada\u0161nji minister unutrasnjih poslova Crne Gore, odbacio je optu\u017ebe koje je na njegov ra\u010dun iznijela vladina komisija, formirana da ispita postupanje policije u sekstrafiking aferi sa moldavskom drzavljankom S.C.<\/p>\n","protected":false},"excerpt":{"rendered":"<p>Crnogorsko pravosu\u0111e ne smije ponovo stavljati S.\u010c. u poziciju \u017ertve.<\/p>\n","protected":false},"author":1,"featured_media":0,"comment_status":"open","ping_status":"closed","sticky":false,"template":"","format":"standard","meta":{"_seopress_robots_primary_cat":"","_seopress_titles_title":"","_seopress_titles_desc":"","_seopress_robots_index":"","_et_pb_use_builder":"","_et_pb_old_content":"","_et_gb_content_width":"","inline_featured_image":false,"footnotes":""},"categories":[14,12],"tags":[],"class_list":["post-164674","post","type-post","status-publish","format-standard","hentry","category-vijesti","category-prica-dana"],"_links":{"self":[{"href":"https:\/\/www.pcnen.com\/portal\/wp-json\/wp\/v2\/posts\/164674","targetHints":{"allow":["GET"]}}],"collection":[{"href":"https:\/\/www.pcnen.com\/portal\/wp-json\/wp\/v2\/posts"}],"about":[{"href":"https:\/\/www.pcnen.com\/portal\/wp-json\/wp\/v2\/types\/post"}],"author":[{"embeddable":true,"href":"https:\/\/www.pcnen.com\/portal\/wp-json\/wp\/v2\/users\/1"}],"replies":[{"embeddable":true,"href":"https:\/\/www.pcnen.com\/portal\/wp-json\/wp\/v2\/comments?post=164674"}],"version-history":[{"count":0,"href":"https:\/\/www.pcnen.com\/portal\/wp-json\/wp\/v2\/posts\/164674\/revisions"}],"wp:attachment":[{"href":"https:\/\/www.pcnen.com\/portal\/wp-json\/wp\/v2\/media?parent=164674"}],"wp:term":[{"taxonomy":"category","embeddable":true,"href":"https:\/\/www.pcnen.com\/portal\/wp-json\/wp\/v2\/categories?post=164674"},{"taxonomy":"post_tag","embeddable":true,"href":"https:\/\/www.pcnen.com\/portal\/wp-json\/wp\/v2\/tags?post=164674"}],"curies":[{"name":"wp","href":"https:\/\/api.w.org\/{rel}","templated":true}]}}