{"id":164645,"date":"2014-11-21T10:28:56","date_gmt":"2014-11-21T09:28:56","guid":{"rendered":"http:\/\/www.pcnen.com\/portal\/?p=164645"},"modified":"2014-11-21T10:43:27","modified_gmt":"2014-11-21T09:43:27","slug":"deportacija-ostavka-ministra-radunovica-izjava-premijera","status":"publish","type":"post","link":"https:\/\/www.pcnen.com\/portal\/2014\/11\/21\/deportacija-ostavka-ministra-radunovica-izjava-premijera\/","title":{"rendered":"Deportacija &#8211; ostavka ministra Radunovi\u0107a &#8211; izjava premijera"},"content":{"rendered":"<p><!--[if gte mso 9]&gt;--><\/p>\n<p>Povodom de\u0161avanja oko porodili\u0161ta u Bijelom Polju, premijer \u0110ukanovi\u0107 je dao slede\u0107u izjavu (obratite pa\u017enju):<\/p>\n<p>Na\u010din na koji je postupio ministar u ostavci, Miodrag Radunovi\u0107, treba da predstavlja primjer svima, pogotovo zaposlenima u dr\u017eavnoj upravi, da i nepostupanje predstavlja osnov za odgovornost, poru\u010dio je premijer Milo \u0110ukanovi\u0107.<\/p>\n<p>\u201e\u0110ukanovi\u0107 se zahvalio ministru u ostavci na dosada\u0161njem doprinosu unapre\u0111enju zdravstvenog sistema i rada Vlade u cjelini i konstatovao da na\u010din na koji je postupio Radunovi\u0107 treba da predstavlja primjer svima, pogotovo zaposlenima u dr\u017eavnoj upravi, da i objektivna odgovornost, odnosno i nepostupanje predstavlja osnov za odgovornost\u201c, ka\u017ee se u zvani\u010dnom saop\u0161tenju.<\/p>\n<p>Pozdravljam ovakav stav Vlade, izjavu i pristup premijera navedenoj tragediji, ali&#8230;<\/p>\n<p>Opet kratak osvrt na deportaciju BiH izbjeglica iz 1992. godine, i uporo\u0111enje:<\/p>\n<p>Crnogorska policija je hapsila izbjegle gra\u0111ane BiH i isporu\u010divala ih tada paravojnim formacijama tada takozvane, nepriznate Republike Srpske. Utvr\u0111eno je da je uhap\u0161eno preko 80 izbeglih gra\u0111ana Bo\u0161njaka koji su ubijeni, i neutvr\u0111en broj izbjeglih Srba iz BiH koji su deportovani parapoliciji tzv.Republike Srpske, kako bi bili uklju\u010deni, mimo svoje volje, u ratne jedinice. Hap\u0161enje je dakle vr\u0161io crnogorski MUP koji je to mogao raditi jedino po odobrenju ministra i predsjednika vlade.<\/p>\n<p>Ponavljam po 100-ti put. Tada je, mimo svih doma\u0107ih i me\u0111unaradnih pravila, konvencija i obi\u010daja, deportovano najmanje 80 izbjeglih Bo\u0161njaka koji su ubijeni. Niko nije odgovorao, naprotiv, svi komandno odgovorni su napredovali a \u0110ukanovi\u0107 je i tada i sada predsjednik vlade.<\/p>\n<p>Postavljam pitanje premijeru \u0110ukanovi\u0107u, upravo na konto njegove izjave i preporuke:<\/p>\n<p>\u0160to je sa va\u0161om objektivnom (i komandnom) odgovorno\u0161\u0107u povodom deportacije BiH izbjeglica?<\/p>\n<p>\u0160to je sa va\u0161im \u201cnepostupanjem\u201d(ja bih rekao \u201cpostupanjem&#8221;) u tom, okarakteriasanom ratnom zlo\u010dinu?<\/p>\n<p>Kako Vi, kao predsjednik vlade, mo\u017eete davati takve preporuke ministru Radunovi\u0107u i drugim zaposlenim u dr\u017eavnoj upravi, kada Vi u mnogo te\u017eem slu\u010daju nijeste tako postupili?<\/p>\n<p>Ovo su samo neka od pitanja. Pitanje krivi\u010dne odgovornosti zbog \u201cnepostupanja\u201d i \u201cobjektivne odgovornosti\u201d u slu\u010daju deportacije od strane \u0110ukanovi\u0107a i Momira Bulatovi\u0107a, kad-tad \u0107e do\u0107i na red.<\/p>\n","protected":false},"excerpt":{"rendered":"<p>Povodom de\u0161avanja oko porodili\u0161ta u Bijelom Polju, premijer \u0110ukanovi\u0107 je dao slede\u0107u izjavu (obratite pa\u017enju): Na\u010din na koji je postupio ministar u ostavci, Miodrag Radunovi\u0107, treba da predstavlja primjer svima, pogotovo zaposlenima u dr\u017eavnoj upravi, da i nepostupanje predstavlja osnov za odgovornost, poru\u010dio je premijer Milo \u0110ukanovi\u0107. \u201e\u0110ukanovi\u0107 se zahvalio ministru u ostavci na dosada\u0161njem [&hellip;]<\/p>\n","protected":false},"author":12,"featured_media":0,"comment_status":"open","ping_status":"closed","sticky":false,"template":"","format":"standard","meta":{"_seopress_robots_primary_cat":"","_seopress_titles_title":"","_seopress_titles_desc":"","_seopress_robots_index":"","_et_pb_use_builder":"","_et_pb_old_content":"","_et_gb_content_width":"","inline_featured_image":false,"footnotes":""},"categories":[17],"tags":[],"class_list":["post-164645","post","type-post","status-publish","format-standard","hentry","category-blogovi"],"_links":{"self":[{"href":"https:\/\/www.pcnen.com\/portal\/wp-json\/wp\/v2\/posts\/164645","targetHints":{"allow":["GET"]}}],"collection":[{"href":"https:\/\/www.pcnen.com\/portal\/wp-json\/wp\/v2\/posts"}],"about":[{"href":"https:\/\/www.pcnen.com\/portal\/wp-json\/wp\/v2\/types\/post"}],"author":[{"embeddable":true,"href":"https:\/\/www.pcnen.com\/portal\/wp-json\/wp\/v2\/users\/12"}],"replies":[{"embeddable":true,"href":"https:\/\/www.pcnen.com\/portal\/wp-json\/wp\/v2\/comments?post=164645"}],"version-history":[{"count":0,"href":"https:\/\/www.pcnen.com\/portal\/wp-json\/wp\/v2\/posts\/164645\/revisions"}],"wp:attachment":[{"href":"https:\/\/www.pcnen.com\/portal\/wp-json\/wp\/v2\/media?parent=164645"}],"wp:term":[{"taxonomy":"category","embeddable":true,"href":"https:\/\/www.pcnen.com\/portal\/wp-json\/wp\/v2\/categories?post=164645"},{"taxonomy":"post_tag","embeddable":true,"href":"https:\/\/www.pcnen.com\/portal\/wp-json\/wp\/v2\/tags?post=164645"}],"curies":[{"name":"wp","href":"https:\/\/api.w.org\/{rel}","templated":true}]}}