{"id":163179,"date":"2014-11-06T00:12:44","date_gmt":"2014-11-05T23:12:44","guid":{"rendered":"http:\/\/www.pcnen.com\/portal\/?p=163179"},"modified":"2014-11-06T12:06:34","modified_gmt":"2014-11-06T11:06:34","slug":"budi-sam-na-ulici","status":"publish","type":"post","link":"https:\/\/www.pcnen.com\/portal\/2014\/11\/06\/budi-sam-na-ulici\/","title":{"rendered":"BUDI SAM NA ULICI"},"content":{"rendered":"<p>Svaki dan nau\u010dim pone\u0161to novo, a nekih dana i ne\u0161to staro, \u0161to sam valjda do sada trebao da saznam &#8211; a nisam. Tako i jutros \u010duh da se svaki \u00a05. novembar obele\u017eava kao dan smrti Milana Mladenovi\u0107a pesnika, gitariste i peva\u010da kultne grupe EKV. \u010cesto se za to radno mesto koristi neologizam \u2013 frontmen, ali mene to podse\u0107a na \u010doveka u uniformi sa \u0161lemom na glavi i pu\u0161kom, koji se valja u raskva\u0161enom rovu nebi li napao ili osujetio napad, pa mi u tom smislu nije od koristi.<\/p>\n<p>Ali se setih ne\u010deg drugog vezanog za ovu grupu. Jedne jeseni \u00a0po\u010detkom devedesetih u diskoteci\u00a0 hotela Crna Gora \u00a0EKV je imala koncert, kao jedan od najpopularnijih bendova. Po\u0161to sam nekoliko meseci ranije na istom koncertu bio u Sarajevu, kupih karte na vreme jer je tamo bio problem nabaviti ih. I do\u0111e ta no\u0107. Na ulazu bez gu\u017eve u\u0111osmo u prazan prostor. Samo su na bini bili postavljeni instrumenti. Se\u0107am se da nam je onaj cepa\u010d karata na ulazu rekao da ih je do tada prodato cirka \u0161est komada. Svo \u0161estoro, koji smo se ubrzo sakupili, smo o\u010dekivali da \u0107e koncert biti otkazan. Ali gle iznena\u0111enja, bend je iza\u0161ao na scenu i odsvirao koncert koji je trajao puna dva sata ne obaziru\u0107i se na to \u0161to je diskoteka bila gotovo prazna. Kasnije se brojno stanje publike izmenilo, kada su otvorene dveri i ulaz postao slobodan, ali me i dan danas \u00a0fascinira \u010dinjenica da je koncert zapo\u010det pred publikom \u010diji se broj na prste mogao prebrojati. A indolentna podgori\u010dka publika bi verovatno brojnije \u00a0posetila koncert, samo da je znala da je\u00a0 EKV ve\u0107 u\u0161la u legendu. Ne se\u0107am se da su posle toga ikada vi\u0161e nastupali u Podgorici, ali znam kako su im \u00a0po\u010dinjali koncerti. Ba\u0161 kao ova pesma postavljena na vrhu teksta.<\/p>\n<p>&nbsp;<\/p>\n<p>&nbsp;<\/p>\n","protected":false},"excerpt":{"rendered":"<p>Svaki dan nau\u010dim pone\u0161to novo, a nekih dana i ne\u0161to staro, \u0161to sam valjda do sada trebao da saznam &#8211; a nisam. Tako i jutros \u010duh da se svaki \u00a05. novembar obele\u017eava kao dan smrti Milana Mladenovi\u0107a pesnika, gitariste i peva\u010da kultne grupe EKV. \u010cesto se za to radno mesto koristi neologizam \u2013 frontmen, ali [&hellip;]<\/p>\n","protected":false},"author":1490,"featured_media":0,"comment_status":"open","ping_status":"closed","sticky":false,"template":"","format":"standard","meta":{"_seopress_robots_primary_cat":"","_seopress_titles_title":"","_seopress_titles_desc":"","_seopress_robots_index":"","_et_pb_use_builder":"","_et_pb_old_content":"","_et_gb_content_width":"","inline_featured_image":false,"footnotes":""},"categories":[17],"tags":[],"class_list":["post-163179","post","type-post","status-publish","format-standard","hentry","category-blogovi"],"_links":{"self":[{"href":"https:\/\/www.pcnen.com\/portal\/wp-json\/wp\/v2\/posts\/163179","targetHints":{"allow":["GET"]}}],"collection":[{"href":"https:\/\/www.pcnen.com\/portal\/wp-json\/wp\/v2\/posts"}],"about":[{"href":"https:\/\/www.pcnen.com\/portal\/wp-json\/wp\/v2\/types\/post"}],"author":[{"embeddable":true,"href":"https:\/\/www.pcnen.com\/portal\/wp-json\/wp\/v2\/users\/1490"}],"replies":[{"embeddable":true,"href":"https:\/\/www.pcnen.com\/portal\/wp-json\/wp\/v2\/comments?post=163179"}],"version-history":[{"count":0,"href":"https:\/\/www.pcnen.com\/portal\/wp-json\/wp\/v2\/posts\/163179\/revisions"}],"wp:attachment":[{"href":"https:\/\/www.pcnen.com\/portal\/wp-json\/wp\/v2\/media?parent=163179"}],"wp:term":[{"taxonomy":"category","embeddable":true,"href":"https:\/\/www.pcnen.com\/portal\/wp-json\/wp\/v2\/categories?post=163179"},{"taxonomy":"post_tag","embeddable":true,"href":"https:\/\/www.pcnen.com\/portal\/wp-json\/wp\/v2\/tags?post=163179"}],"curies":[{"name":"wp","href":"https:\/\/api.w.org\/{rel}","templated":true}]}}