{"id":162845,"date":"2014-11-02T21:14:12","date_gmt":"2014-11-02T20:14:12","guid":{"rendered":"http:\/\/www.pcnen.com\/portal\/?p=162845"},"modified":"2014-11-02T22:06:57","modified_gmt":"2014-11-02T21:06:57","slug":"pride-i-deportacija","status":"publish","type":"post","link":"https:\/\/www.pcnen.com\/portal\/2014\/11\/02\/pride-i-deportacija\/","title":{"rendered":"Pride i deportacija"},"content":{"rendered":"<p>Bez namjera da ikog uvrijedim, pravim ovo neuporedivo pore\u0111enje.<\/p>\n<p>Na po\u010detku, da objasnim (jer je to obavezno, kako ne bih bio optu\u017een da sam homofob), nemam ni\u0161ta protiv homoseksualaca. Svjestan sam da mi je, mo\u017eda, neko od dvoje maloljetne djece, mogu\u0107e, budu\u0107i homoseksualac. Nemam problema da sjedim u dru\u0161tvu homoseksualaca, smatram da su im prava ugro\u017eena, ali smatram da je pravna dr\u017eava ta koja \u0107e kaznenim mjerama \u0161titi njihova prava, te da parada, na\u010din kako se sprovodi, i predstavljanje odr\u017eavanje Parade kao najve\u0107eg problema na\u0161e dr\u017eave i dru\u0161tva stvara kontraefekat.<\/p>\n<p><a href=\"http:\/\/www.pcnen.com\/portal\/2012\/11\/22\/oslobodeni-optuzeni-za-deportaciju\/hapsenja_i_deportacija_crna_gora\/\" rel=\"attachment wp-att-99444\"><img loading=\"lazy\" decoding=\"async\" class=\"alignleft size-medium wp-image-99444\" src=\"http:\/\/www.pcnen.com\/portal\/wp-content\/uploads\/2012\/11\/hapsenja_i_deportacija_Crna_Gora-300x138.jpg\" alt=\"\" width=\"300\" height=\"138\" \/><\/a>\u0160ef delegacije EU u Crnoj Gori, Mitja Drobni\u010d, \u010diji rad ina\u010de jako cijenim, na paradi izjavi: \u201eCrna Gora je po\u010dela sada ve\u0107 da pi\u0161e doprinos za slede\u0107i izvje\u0161taj o napretku.\u201c<\/p>\n<p>O Paradi ponosa se govori tokom cijele godine. Desetak dana pred odr\u017eavanje to je prva ili me\u0111u prvim vijestima u informativnim emisijama, a dnevnk TV \u201eVijesti\u201c koji sam <a href=\"http:\/\/www.pcnen.com\/portal\/2014\/11\/02\/okoncan-podgoricki-prajd\/povorka-ponoxa\/\" rel=\"attachment wp-att-162805\"><img loading=\"lazy\" decoding=\"async\" class=\"alignright size-medium wp-image-162805\" src=\"http:\/\/www.pcnen.com\/portal\/wp-content\/uploads\/2014\/11\/Povorka-ponoxa-300x202.jpg\" alt=\"foto mondo\" width=\"300\" height=\"202\" \/><\/a>upravo odgledao, posvetio je 15 minuta izvje\u0161taju sa Pride-a.<\/p>\n<p>Na Pride dolaze gosti iz regiona, ve\u0107ina NVO daje veoma glasnu i jasnu podr\u0161ku, intelektualci, javne li\u010dnosti&#8230; Sve zapadne ambasade tako\u0111e daju punu i nedvosmislenu podr\u0161ku Prida, a obi\u010dno i sami ambasadori najuticajnih zemalja u\u010dsetvuju na njoj, ili njihovi izaslanici. Iz vlade je tu ministar ovaj, ministar onaj, Ombdusman, a evo i polupismeni Gradona\u010delnik sa pokradenih izbora je bio na Pridu, podr\u017eao je: i svojim prisustvom, i prigodnom izjavom.<\/p>\n<p>Paradu je obezbje\u0111ivalo 1800 policajaca, pola Podgorice je pola dana bilo u putpunoj blokadi.<\/p>\n<p>Nasuprot Paradi, najve\u0107i i najgnusniji zlo\u010din u novijoj istoriji Crne Gore, deportacija BiH izbjeglica, kojom je u smrt poslato najmanje 80 izbjeglih, nevinih gra\u0111ana BiH, izgleda nikog ne interesujue. Deportaciju samo neki mediji \u0161turo pomenu i to na sami dan deoprtacije, par NVO se reda radi oglasi, ne prave se bilo kakve protestne \u0161etnje, tribine, demonstracije. Ambasadori stranih zemalja se na ogla\u0161avaju, \u010dak ni ambasada dr\u017eave \u010diji su gra\u0111ani deportovani i ubijeni. 22 godine je pro\u0161lo od tog ratnog zlo\u010dina koji je Crna Gora priznala, a niko nije osu\u0111en za njega. Za to vrijeme, Crna Gora, vidimo, napreduje li napreduje u eurotalanskim integracijama, za\u0161titi i unapre\u0111enju ljudskih prava&#8230;<\/p>\n<p>A \u0161to je sa mojim pravom da mirno spavam, da mi se u san povremeno ne javljaju slike deportacije i otmice u \u0160trbcima? \u0160to je sa pravom svih onih Omera, Sabahudina, Ismeta koji su odvo\u0111eni, \u0161ikanirani ili ubijani samo zbog svog \u201egrdnog\u201c imena? \u0160to je sa nama i na\u0161im strahovima od budu\u0107ih takvih de\u0161avanja, mo\u017eda ovaj put nekih sa drugim imenima i nacionalnim obelje\u017ejima? Da li je va\u017enije i svrsishodnije za prokleti Balkan kazniti krivce za zlo\u010dine-da se oni ne bi ponovili, ili omogu\u0107uti javno pokazivanje prava na druga\u010dije seksualno opredjeljenje? \u0110e je podr\u0161ka i pritisak od EU i USA da se kazne, prije svega komandno odgovorni za ovaj ratni zlo\u010din? A svi oni znaju \u010dija je to komandna odgovornost i ko je odgovoran za zlo\u010din. Zna to i najobi\u010dniji pravnik, a na VDT, ali&#8230;!?<\/p>\n<p>Da ne bi sve ostalo na \u201epri\u010dam ti pri\u010du\u201c, u narednih mjesec do dva \u0107u poslati pisma \u0161efu delegacije EU u Crnoj Gori, ambasadi USA, ambasadi Njema\u010dke, Gradona\u010delniku Podgorice (koji\u00a0 ina\u010de pati zbog svakog i manjeg incidenta nad nacionalnim manjinama, posebno Bo\u0161njacima), rukovodstvu Bo\u0161nja\u010dke stranke, IZ u Crnoj Gori i Reisu Fejzi\u0107u, relevantnim NVO u CG i okru\u017eenju, intelektulacima, redakcijama medija&#8230;, da sa makar desetinom \u017eara i prostora kojim su pratili ugro\u017eena prava LGBT osoba, ispratili i podr\u017eali Pride, isprate i podr\u017ee moje budu\u0107e akcije za neodlo\u017eno rasvjetljavanje i ka\u017enjavanje ratnog zlo\u010dina deportacije, te organizovanje mimohoda u znak protesta \u0161irom Crne Gore zbog neprocesuiranja tog, lako rje\u0161ivog ratnog zlo\u010dina. Pitam se da li \u0107e Premijer prije svih (!), Predsjednik dr\u017eave, Pred\u0161jednik Skup\u0161tine,\u00a0 Gradona\u010delnik Pogorice, ministri ovaj i onaj, ambasadori USA i Njema\u010dke, Ombdusman ovaj i onaj, intelektualci i javne li\u010dnosti biti u tom protestnom mimohodu, davati javnu i nedvoslimsilenu podr\u0161ku ovoj akciji? Valjda ho\u0107e? Ili, trebalo bi da ho\u0107e!<\/p>\n<p>\u0160to se ti\u010de organizacije, ona \u0107e ko\u0161tati, siguran sam, neuporedivo manje nego \u0161to je ko\u0161tala organizacija Parade, a dovoljno \u0107e biti destak policajaca za obezbje\u0111enje mimohoda u vi\u0161e gradova Crne Gore. Uz to, uz svo uva\u017eavanje prava LGBT osoba, siguran sam da je rje\u0161avanja ovog pitanja, dakle, procesuiranje prije svega komandno odgovornih za deportaciju BiH izbjeglica &#8211; a onda i izvr\u0161ioca, za Crnu Goru i region mnogo va\u017enije pitanje od Pride-a.<\/p>\n<p>Dok se ne rije\u0161i pitanje deportacija, svi znamo, ili bi bar trebali znati, ne mogu se rije\u0161avati ni druga pitanja iz oblasti pravde i prava, kako manjinskih tako svih ostalih.<\/p>\n<p>Ako dobijem medijsku i drugu, gore navedenu podr\u0161ku, upola manju od podr\u0161ke pravima LGBT populaciji i organizovanju Pride, bez dileme, ovaj ratni zlo\u010din \u0107e morati biti najzad rije\u0161en i procesuiran. To bi bio onaj pravi, nefingirani put, da Crna Gora ostvari ogroman, odlu\u010duju\u0107i napredak u novom izvje\u0161taju EK, kako re\u010de gospodin Drobni\u010d. Put, kojim bi se trasiralo i sve ostalo: od ispunjevanje poglavlja 23 i 24, do ostvrivanja stvarnih prava svih manjina, pa i LGBT osoba.<\/p>\n","protected":false},"excerpt":{"rendered":"<p>Bez namjera da ikog uvrijedim, pravim ovo neuporedivo pore\u0111enje.<\/p>\n","protected":false},"author":12,"featured_media":0,"comment_status":"open","ping_status":"closed","sticky":false,"template":"","format":"standard","meta":{"_seopress_robots_primary_cat":"","_seopress_titles_title":"","_seopress_titles_desc":"","_seopress_robots_index":"","_et_pb_use_builder":"","_et_pb_old_content":"","_et_gb_content_width":"","inline_featured_image":false,"footnotes":""},"categories":[17],"tags":[],"class_list":["post-162845","post","type-post","status-publish","format-standard","hentry","category-blogovi"],"_links":{"self":[{"href":"https:\/\/www.pcnen.com\/portal\/wp-json\/wp\/v2\/posts\/162845","targetHints":{"allow":["GET"]}}],"collection":[{"href":"https:\/\/www.pcnen.com\/portal\/wp-json\/wp\/v2\/posts"}],"about":[{"href":"https:\/\/www.pcnen.com\/portal\/wp-json\/wp\/v2\/types\/post"}],"author":[{"embeddable":true,"href":"https:\/\/www.pcnen.com\/portal\/wp-json\/wp\/v2\/users\/12"}],"replies":[{"embeddable":true,"href":"https:\/\/www.pcnen.com\/portal\/wp-json\/wp\/v2\/comments?post=162845"}],"version-history":[{"count":0,"href":"https:\/\/www.pcnen.com\/portal\/wp-json\/wp\/v2\/posts\/162845\/revisions"}],"wp:attachment":[{"href":"https:\/\/www.pcnen.com\/portal\/wp-json\/wp\/v2\/media?parent=162845"}],"wp:term":[{"taxonomy":"category","embeddable":true,"href":"https:\/\/www.pcnen.com\/portal\/wp-json\/wp\/v2\/categories?post=162845"},{"taxonomy":"post_tag","embeddable":true,"href":"https:\/\/www.pcnen.com\/portal\/wp-json\/wp\/v2\/tags?post=162845"}],"curies":[{"name":"wp","href":"https:\/\/api.w.org\/{rel}","templated":true}]}}