{"id":160821,"date":"2014-10-15T10:41:43","date_gmt":"2014-10-15T08:41:43","guid":{"rendered":"http:\/\/www.pcnen.com\/portal\/?p=160821"},"modified":"2014-10-15T12:29:18","modified_gmt":"2014-10-15T10:29:18","slug":"epilog","status":"publish","type":"post","link":"https:\/\/www.pcnen.com\/portal\/2014\/10\/15\/epilog\/","title":{"rendered":"Epilog"},"content":{"rendered":"<p><!--[if gte mso 9]&gt;--><\/p>\n<p>Poslije zavr\u0161etka jo\u0161 jednih \u201eistorijskih izbora\u201c, te \u201esage o Podgorici\u201c, epilog je slede\u0107i:<\/p>\n<p>-Nestrana\u010dki, neznaveni i polupismeni, \u201eu\u010dinjeni\u201c, tu\u017eno-smije\u0161ni Slavoljub Migo Stijepovi\u0107 izabran je za Gradona\u010delnika Podgorice, da je vodi zrelo naprijed kako bi ona dobila svoje evropsko lice.<\/p>\n<p>-SDP kao partija vi\u0161e ne postoji osim na papiru.<\/p>\n<p>-Pozitivna vi\u0161e ne postoji osim na papiru.<\/p>\n<p>-SNP, tj. vrh SNP-a se pokazao kao novi (stari) trojanski konj u opoziciji ili \u201eopoziciji\u201c, tako\u0111e je pred raspadom tj. podjelom.<\/p>\n<p>-\u201eMoj\u201c Demokratski front je jedino naizgled stabilan, ali, u novonastaloj situaciji vodi politiku \u201eo\u0107u kaki-ne\u0107u kaki\u201c.<\/p>\n<p>&#8211; \u201eVijesti\u201c, kao jedan od glavnih, opozicionih kreatora javnog mnjenja su u problemima do gu\u0161e.<\/p>\n<p>-DPS tj. \u0110ukanovi\u0107 (jer je on i DPS i dr\u017eava) je naizgled nikada ja\u010di, \u0161to mu se mo\u017ee obiti o glavu.<\/p>\n<p>-U NATO nijesmo u\u0161li \u201ena jesen\u201c, jer evo jeseni.<\/p>\n<p>-Dobili smo izvje\u0161taj EK koji je takav kakav je. Lideri smo kao uvijek u svemu ali ne napredujemo: krupne ribe, ovo-ono&#8230; Iliti, npravili smo korak naprijed, dva koraka nazad. Sad \u0107e srpski \u0110ukanovi\u0107 i Srbija da malo budu lideri regiona u euroatlanskim integracijama, dosta smo to mi bili.<\/p>\n<p>U ovakvoj situaciji, \u0110ukanovi\u0107 prijeti svima: Krivokapi\u0107a samo \u0161to javno ne \u0161amara, ali prijeti i EU iako nam je do ju\u010de bila \u201ebez alternative\u201c. I neka prijeti, on je evropsko i ameri\u010dko \u010dedo.<\/p>\n<p>Crna Gora \u0107e u\u0107i u NATO, mimo ve\u0107inske volje gra\u0111ana, i to relativno brzo \u2013 jer NATO-u treba na\u0161a teritorija. I tu stavljam ta\u010dku. U EU, skoro sam siguran, uop\u0161te ne\u0107emo u\u0107i, a potpuno sam siguran da ne\u0107emo u dogledno vrijeme, uprkos volji gra\u0111ana da budu u EU. Jo\u0161 jedan paradoks, ali mi decenijama \u017eivimo sa, i u paradoksima.<\/p>\n<p>\u0110e su u svemu ovome gra\u0111ani Crne Gore?<\/p>\n<p>Oni su u dugovima iz kojih ne vide izlaz, besposleni, iznevjereni, bespomo\u0107ni, psihi\u010dki ubijeni, u strahu i pod stalnim stresom.<\/p>\n<p>Rekoh da je \u201emoj\u201c DF ostao koliko-toliko stabilan (ako Mandi\u0107a sada ne izbrifuju na paradi u Beogradu da se privoli \u0110ukanovi\u0107u, nadam se da ne\u0107e), ali da luta, da ne zna \u0161to ho\u0107e (li\u010dni utisak).<\/p>\n<p>\u0160to \u010diniti?<\/p>\n<p>U najkra\u0107em, prvo \u0161to DF treba da uradi, po mom mi\u0161ljenju, je, da sam, bez konsultacija sa drugom opozicijom ili \u201eopozicijom\u201c, bezuslovno i bez kalkulisanja napusti sve institucije sistema. Uporedo sa tim da radi na ja\u010danju gra\u0111anskog krila DF-a, da u njemu obavezno budu istaknuti predstavnici manjina. Istovremeno, lideri i \u201edolideri\u201c dva najja\u010da konstituenta DF-a bi trebalo da pre\u0111u u drugi plan: gra\u0111anima treba nova energija i povjerenje koji im ovi jednostavno vi\u0161e ne ulivaju. U takvom DF-u bi bili i Be\u010di\u0107 (poslije sigurne pobjede Mili\u0107a na strana\u010dkim \u201eizborima\u201c, i izvjesnog, novog rascjepa u SNP-u), i Abazovi\u0107, i&#8230; Takav DF bi trebao biti sto\u017eer za sve opozicione grupe i pojedince u Crnoj Gori, bez obzira na njihovu ideolo\u0161ku profilaciju. Iz takve pozicije, DF ne treba da zakazuje nikakve mitinge, nikakve proteste, da ne daje saop\u0161tenja za \u0161tampu, lideri nikakve intervjue, samo treba da radi na gore navedenom, da \u0107uti i \u010deka. Jednopartijski sistem treba ogoljeti: i pred doma\u0107om, i prije svega pred me\u0111unarodnom javno\u0161\u0107u.<\/p>\n<p>A \u0161to da se \u010deka, za\u0161to odmah ne organizovati proteste?<\/p>\n<p>Opozicija ili \u201eopozicija\u201c, pogotovu DF je neka vrsta odu\u0161ka nagomilavanju bijesa nemo\u0107nih i uznevjerenih gra\u0111ana, njihov kakav-takav ventil, nada. Poslije par mjeseci \u0161utnje a rada na terenu, taj ventil bez odu\u0161ka \u0107e ekspolidirati sam od sebe. Tada treba iskoristiti tu energiju, artikulisati je i povesti u pravom i osmi\u0161ljenom smjeru. I nema odustajanja, neprincipijelnih nagodbi, polovi\u010dnih rje\u0161enja.<\/p>\n<p>Uslov svih uslova mora biti formiranje prelazne, tehni\u010dke vlade koja \u0107e raspisati prve slobodne izbore na svim nivoima.<\/p>\n","protected":false},"excerpt":{"rendered":"<p>Poslije zavr\u0161etka jo\u0161 jednih \u201eistorijskih izbora\u201c, te \u201esage o Podgorici\u201c, epilog je slede\u0107i: -Nestrana\u010dki, neznaveni i polupismeni, \u201eu\u010dinjeni\u201c, tu\u017eno-smije\u0161ni Slavoljub Migo Stijepovi\u0107 izabran je za Gradona\u010delnika Podgorice, da je vodi zrelo naprijed kako bi ona dobila svoje evropsko lice. -SDP kao partija vi\u0161e ne postoji osim na papiru. -Pozitivna vi\u0161e ne postoji osim na papiru. [&hellip;]<\/p>\n","protected":false},"author":12,"featured_media":0,"comment_status":"open","ping_status":"closed","sticky":false,"template":"","format":"standard","meta":{"_seopress_robots_primary_cat":"","_seopress_titles_title":"","_seopress_titles_desc":"","_seopress_robots_index":"","_et_pb_use_builder":"","_et_pb_old_content":"","_et_gb_content_width":"","inline_featured_image":false,"footnotes":""},"categories":[17],"tags":[],"class_list":["post-160821","post","type-post","status-publish","format-standard","hentry","category-blogovi"],"_links":{"self":[{"href":"https:\/\/www.pcnen.com\/portal\/wp-json\/wp\/v2\/posts\/160821","targetHints":{"allow":["GET"]}}],"collection":[{"href":"https:\/\/www.pcnen.com\/portal\/wp-json\/wp\/v2\/posts"}],"about":[{"href":"https:\/\/www.pcnen.com\/portal\/wp-json\/wp\/v2\/types\/post"}],"author":[{"embeddable":true,"href":"https:\/\/www.pcnen.com\/portal\/wp-json\/wp\/v2\/users\/12"}],"replies":[{"embeddable":true,"href":"https:\/\/www.pcnen.com\/portal\/wp-json\/wp\/v2\/comments?post=160821"}],"version-history":[{"count":0,"href":"https:\/\/www.pcnen.com\/portal\/wp-json\/wp\/v2\/posts\/160821\/revisions"}],"wp:attachment":[{"href":"https:\/\/www.pcnen.com\/portal\/wp-json\/wp\/v2\/media?parent=160821"}],"wp:term":[{"taxonomy":"category","embeddable":true,"href":"https:\/\/www.pcnen.com\/portal\/wp-json\/wp\/v2\/categories?post=160821"},{"taxonomy":"post_tag","embeddable":true,"href":"https:\/\/www.pcnen.com\/portal\/wp-json\/wp\/v2\/tags?post=160821"}],"curies":[{"name":"wp","href":"https:\/\/api.w.org\/{rel}","templated":true}]}}