{"id":15821,"date":"2006-10-23T14:26:26","date_gmt":"2006-10-23T14:26:26","guid":{"rendered":"http:\/\/www.pcnen.com\/portal\/?p=15821"},"modified":"2006-10-23T14:26:26","modified_gmt":"2006-10-23T14:26:26","slug":"dukanovic-sa-madarima-marovic-sa-berluskonijem","status":"publish","type":"post","link":"https:\/\/www.pcnen.com\/portal\/2006\/10\/23\/dukanovic-sa-madarima-marovic-sa-berluskonijem\/","title":{"rendered":"\u0110ukanovi\u0107 sa Ma\u0111arima, Marovi\u0107 sa Berluskonijem"},"content":{"rendered":"<p>\u0110ukanovi\u0107 bi mogao da bude \u010dlan Borda direktora <em>Trigranita<\/em>, ali i direktor te&nbsp;kompanije za Crnu Goru, pi&scaron;e list.<\/p>\n<p>Madjarska kompanija <em>Trigranit<\/em> je medjunarodna korporacija, \u010diji je osniva\u010d madjarski biznismen &Scaron;andor Demijan, iza koje stoje kanadski biznismen Piter Mank, britanska porodica Rot&scaron;ild, otac aktuelnog ameri\u010dkog predsjednika D\u017eord\u017e Bu&scaron; stariji, biv&scaron;i kanadski biznismen Brajan Malroni, kao i investitior iz Saudisjke Arabije Adnan Ka&scaron;ogi.<\/p>\n<p>Piter Mank jedini zainteresovan za kupovinu tivatskog <em>Arsenala<\/em> i izgradnju marine za mega jahte, prvi je doputovao u Crnu Goru zajedno sa Natanijelom Rot&scaron;ildom i Malronijem posle referenduma i najavio da \u0107e se trojica investitora skoncentrisati na razvoj Crne Gore i ju\u017enog dijela Balkana.<\/p>\n<p>Mank je objavio i da je zainteresovan za kupovinu nekada&scaron;njeg vojnog odmarali&scaron;ta i pomorske baze u Valdanosu kod Ulcinja gdje bi, kako je najavio, gradio ekskluzivni turisti\u010dki mega kompleks.<\/p>\n<p><em>Dan<\/em> pi&scaron;e da je Marovi\u0107 nedavno boravio u Milanu i Parizu, gdje je razgovarao o&nbsp;biznisu sa Berluskonijem i sa svojim li\u010dnim prijateljem francuskim predsjednikom \u017dakom &Scaron;irakom.<\/p>\n","protected":false},"excerpt":{"rendered":"<p>Premijer Crne Gore Milo \u0110ukanovi\u0107 po zavr&scaron;etku mandata mogao bi da postane direktor u ma\u0111arskoj kompaniji <em>Trigranit<\/em>, dok bi nekada&scaron;nji predsjednik Srbije i Crne Gore Svetozar Marovi\u0107 mogao da pokrene biznis sa biv&scaron;im italijanskim premijerom Silvijem Berluskonijem, pi&scaron;e podgori\u010dki <em>Dan<\/em>.<\/p>\n","protected":false},"author":1,"featured_media":0,"comment_status":"open","ping_status":"closed","sticky":false,"template":"","format":"standard","meta":{"_seopress_robots_primary_cat":"","_seopress_titles_title":"","_seopress_titles_desc":"","_seopress_robots_index":"","_et_pb_use_builder":"","_et_pb_old_content":"","_et_gb_content_width":"","inline_featured_image":false,"footnotes":""},"categories":[14],"tags":[],"class_list":["post-15821","post","type-post","status-publish","format-standard","hentry","category-vijesti"],"_links":{"self":[{"href":"https:\/\/www.pcnen.com\/portal\/wp-json\/wp\/v2\/posts\/15821","targetHints":{"allow":["GET"]}}],"collection":[{"href":"https:\/\/www.pcnen.com\/portal\/wp-json\/wp\/v2\/posts"}],"about":[{"href":"https:\/\/www.pcnen.com\/portal\/wp-json\/wp\/v2\/types\/post"}],"author":[{"embeddable":true,"href":"https:\/\/www.pcnen.com\/portal\/wp-json\/wp\/v2\/users\/1"}],"replies":[{"embeddable":true,"href":"https:\/\/www.pcnen.com\/portal\/wp-json\/wp\/v2\/comments?post=15821"}],"version-history":[{"count":0,"href":"https:\/\/www.pcnen.com\/portal\/wp-json\/wp\/v2\/posts\/15821\/revisions"}],"wp:attachment":[{"href":"https:\/\/www.pcnen.com\/portal\/wp-json\/wp\/v2\/media?parent=15821"}],"wp:term":[{"taxonomy":"category","embeddable":true,"href":"https:\/\/www.pcnen.com\/portal\/wp-json\/wp\/v2\/categories?post=15821"},{"taxonomy":"post_tag","embeddable":true,"href":"https:\/\/www.pcnen.com\/portal\/wp-json\/wp\/v2\/tags?post=15821"}],"curies":[{"name":"wp","href":"https:\/\/api.w.org\/{rel}","templated":true}]}}