{"id":157331,"date":"2014-09-07T20:57:25","date_gmt":"2014-09-07T18:57:25","guid":{"rendered":"http:\/\/www.pcnen.com\/portal\/?p=157331"},"modified":"2014-09-07T20:57:25","modified_gmt":"2014-09-07T18:57:25","slug":"szo-epidemija-demencije-ocekuje-zemlje-u-razvoju","status":"publish","type":"post","link":"https:\/\/www.pcnen.com\/portal\/2014\/09\/07\/szo-epidemija-demencije-ocekuje-zemlje-u-razvoju\/","title":{"rendered":"SZO: Epidemija demencije o\u010dekuje zemlje u razvoju"},"content":{"rendered":"<p>Svjetska zdravstvena organizacija upozorava da prijeti epidemija demencije, bolesti sa najve\u0107om u\u010destalo\u0161\u0107u posle kardio-cerebrovaskulnih i malignih. Smatra se da je na planeti oko 12 miliona dementnih osoba, a procjenjuje se da \u0107e ih 2040. biti \u010dak 25 miliona.<\/p>\n<p>Veliki broj novih \u201czaboravnih\u201d o\u010dekuje se kroz nekoliko decenija naro\u010dito u zemljama u razvoju i sa velikim prira\u0161tajem stanovni\u0161tva, prenosi novosadski Dnevnik.<\/p>\n<p>Na prve znake zaboravnost naj\u010de\u0107e se ne obra\u0107a puno pa\u017enja. Naj\u010de\u0161\u0107e se pravda prezaposleno\u0161\u0107u, umorom, trenutnom rasejano\u0161\u0107u, \u0161to uglavnom i jeste razlog \u0161to se zaboravi ro\u0111endan najbli\u017eih, klju\u010deve, ki\u0161obrane, odnosno ostavi uklju\u010dena ringla ili pegla.<\/p>\n<p>Starije osobe sa zna\u010dajnim manjkom vitamina D imaju dvostruko ve\u0107i rizik za razvoj demencije, zaklju\u010dili su nau\u010dnici britanskog Univerziteta Ekseter na osnovu podataka prikupljenih tokom \u0161est godina od 1.650 ispitanika starijih od 65 godina.<\/p>\n<p>U prosjeku se demencija javlja kod deset odsto ispitanika s normalnom koncentracijom vitamina D u krvi te petine onih sa zna\u010dajnim manjkom tog vitamina.<\/p>\n<p>&nbsp;<\/p>\n","protected":false},"excerpt":{"rendered":"<p>Svjetska zdravstvena organizacija upozorava da prijeti epidemija demencije, bolesti sa najve\u0107om u\u010destalo\u0161\u0107u posle kardio-cerebrovaskulnih i malignih. Smatra se da je na planeti oko 12 miliona dementnih osoba, a procjenjuje se da \u0107e ih 2040. biti \u010dak 25 miliona. Veliki broj novih \u201czaboravnih\u201d o\u010dekuje se kroz nekoliko decenija naro\u010dito u zemljama u razvoju i sa velikim [&hellip;]<\/p>\n","protected":false},"author":1,"featured_media":0,"comment_status":"open","ping_status":"closed","sticky":false,"template":"","format":"standard","meta":{"_seopress_robots_primary_cat":"","_seopress_titles_title":"","_seopress_titles_desc":"","_seopress_robots_index":"","_et_pb_use_builder":"","_et_pb_old_content":"","_et_gb_content_width":"","inline_featured_image":false,"footnotes":""},"categories":[14],"tags":[],"class_list":["post-157331","post","type-post","status-publish","format-standard","hentry","category-vijesti"],"_links":{"self":[{"href":"https:\/\/www.pcnen.com\/portal\/wp-json\/wp\/v2\/posts\/157331","targetHints":{"allow":["GET"]}}],"collection":[{"href":"https:\/\/www.pcnen.com\/portal\/wp-json\/wp\/v2\/posts"}],"about":[{"href":"https:\/\/www.pcnen.com\/portal\/wp-json\/wp\/v2\/types\/post"}],"author":[{"embeddable":true,"href":"https:\/\/www.pcnen.com\/portal\/wp-json\/wp\/v2\/users\/1"}],"replies":[{"embeddable":true,"href":"https:\/\/www.pcnen.com\/portal\/wp-json\/wp\/v2\/comments?post=157331"}],"version-history":[{"count":0,"href":"https:\/\/www.pcnen.com\/portal\/wp-json\/wp\/v2\/posts\/157331\/revisions"}],"wp:attachment":[{"href":"https:\/\/www.pcnen.com\/portal\/wp-json\/wp\/v2\/media?parent=157331"}],"wp:term":[{"taxonomy":"category","embeddable":true,"href":"https:\/\/www.pcnen.com\/portal\/wp-json\/wp\/v2\/categories?post=157331"},{"taxonomy":"post_tag","embeddable":true,"href":"https:\/\/www.pcnen.com\/portal\/wp-json\/wp\/v2\/tags?post=157331"}],"curies":[{"name":"wp","href":"https:\/\/api.w.org\/{rel}","templated":true}]}}