{"id":157304,"date":"2014-09-07T17:45:31","date_gmt":"2014-09-07T15:45:31","guid":{"rendered":"http:\/\/www.pcnen.com\/portal\/?p=157304"},"modified":"2014-09-07T17:45:31","modified_gmt":"2014-09-07T15:45:31","slug":"bugari-nece-u-nove-nato-jedinice","status":"publish","type":"post","link":"https:\/\/www.pcnen.com\/portal\/2014\/09\/07\/bugari-nece-u-nove-nato-jedinice\/","title":{"rendered":"Bugari ne\u0107e u nove NATO jedinice"},"content":{"rendered":"<p>Bugarska za sada ne namjerava da u\u010destvuje u novoj jedinici NATO-a za brzo reagovanje u isto\u010dnoj Evropi, koja se formira kao odgovor na ruske akcije u Ukrajini, izjavio je savjetnik bugarskog predsjednika za vojna pitanja kontraadmiral Georgi Fidanov.<\/p>\n<p>Fidanov je za bugarski dr\u017eavni radio rekao da \u0107e se Bugarska uklju\u010diti u druge planove koje su lideri zemalja \u010dlanica NATO-a usvojili na samita Alijanse u Velsu, prenosi Srna.<\/p>\n<p>Generalni sekretar NATO-a Anders Fog Rasmusen na samitu Alijanse u Njuportu je saop\u0161tio da \u0107e nova jedinica za brzo reagovanje, koja \u0107e biti &#8220;udarna pesnica&#8221; Alijanse, imati nekoliko hiljada pripadnika raznih vidova vojske.<\/p>\n<p>Sjedi\u0161te nove jedinice bi\u0107e u \u0160\u0107e\u0107inu u Poljskoj.<\/p>\n<p>Bugarska je \u010dlanica NATO-a od 2004. godine.<\/p>\n<p>&nbsp;<\/p>\n","protected":false},"excerpt":{"rendered":"<p>Bugarska za sada ne namjerava da u\u010destvuje u novoj jedinici NATO-a za brzo reagovanje u isto\u010dnoj Evropi, koja se formira kao odgovor na ruske akcije u Ukrajini, izjavio je savjetnik bugarskog predsjednika za vojna pitanja kontraadmiral Georgi Fidanov. Fidanov je za bugarski dr\u017eavni radio rekao da \u0107e se Bugarska uklju\u010diti u druge planove koje su [&hellip;]<\/p>\n","protected":false},"author":1,"featured_media":0,"comment_status":"open","ping_status":"closed","sticky":false,"template":"","format":"standard","meta":{"_seopress_robots_primary_cat":"","_seopress_titles_title":"","_seopress_titles_desc":"","_seopress_robots_index":"","_et_pb_use_builder":"","_et_pb_old_content":"","_et_gb_content_width":"","inline_featured_image":false,"footnotes":""},"categories":[14],"tags":[],"class_list":["post-157304","post","type-post","status-publish","format-standard","hentry","category-vijesti"],"_links":{"self":[{"href":"https:\/\/www.pcnen.com\/portal\/wp-json\/wp\/v2\/posts\/157304","targetHints":{"allow":["GET"]}}],"collection":[{"href":"https:\/\/www.pcnen.com\/portal\/wp-json\/wp\/v2\/posts"}],"about":[{"href":"https:\/\/www.pcnen.com\/portal\/wp-json\/wp\/v2\/types\/post"}],"author":[{"embeddable":true,"href":"https:\/\/www.pcnen.com\/portal\/wp-json\/wp\/v2\/users\/1"}],"replies":[{"embeddable":true,"href":"https:\/\/www.pcnen.com\/portal\/wp-json\/wp\/v2\/comments?post=157304"}],"version-history":[{"count":0,"href":"https:\/\/www.pcnen.com\/portal\/wp-json\/wp\/v2\/posts\/157304\/revisions"}],"wp:attachment":[{"href":"https:\/\/www.pcnen.com\/portal\/wp-json\/wp\/v2\/media?parent=157304"}],"wp:term":[{"taxonomy":"category","embeddable":true,"href":"https:\/\/www.pcnen.com\/portal\/wp-json\/wp\/v2\/categories?post=157304"},{"taxonomy":"post_tag","embeddable":true,"href":"https:\/\/www.pcnen.com\/portal\/wp-json\/wp\/v2\/tags?post=157304"}],"curies":[{"name":"wp","href":"https:\/\/api.w.org\/{rel}","templated":true}]}}