{"id":157293,"date":"2014-09-07T12:13:04","date_gmt":"2014-09-07T10:13:04","guid":{"rendered":"http:\/\/www.pcnen.com\/portal\/?p=157293"},"modified":"2014-09-07T14:16:30","modified_gmt":"2014-09-07T12:16:30","slug":"u-siriji-se-bori-oko-40-vehabija-iz-raske-oblasti","status":"publish","type":"post","link":"https:\/\/www.pcnen.com\/portal\/2014\/09\/07\/u-siriji-se-bori-oko-40-vehabija-iz-raske-oblasti\/","title":{"rendered":"U Siriji se bori oko 40 vehabija iz Ra\u0161ke oblasti"},"content":{"rendered":"<p>Jezgro radikalnih islamista u Ra\u0161koj \u010dini grupa od oko 120 ljudi koji organizuju ilegalne vehabijske \u0161kole u podrumima privatnih ku\u0107a, a njih oko 40 oti\u0161lo je da ratuje u Siriji, uglavnom za teroristi\u010dku organizaciju &#8220;Islamska dr\u017eava&#8221;, javlja Srna.<\/p>\n<p>&#8220;Operativni podaci govore da je njih oko 40 oti\u0161lo, pojedina\u010dno ili po dvojica, preko Turske do Sirije. Desetak ih se vratilo jer je bilo razo\u010darano stanjem na terenu&#8221;, rekao je izvor lista iz bezbijedonosnih struktura.<\/p>\n<p>Dr\u017eave biv\u0161e Jugoslavije i jo\u0161 neke balkanske dr\u017eave razmjenjivale su spiskove radikalnih islamista kako bi ih zaustavili na svojim granicama, a najve\u0107u opasnost, prema rije\u010dima operativaca i stru\u010dnjaka za bezbijednost, predstavljaju povratnici sa rati\u0161ta koji su okrvavili ruke.<\/p>\n<p>U tekstu se napominje da za sada najve\u0107i broj radikalnih islamskih boraca iz Evrope u Siriji i Iraku \u010dine Albanci i do sada je privedeno vi\u0161e od 40 osumnji\u010denih za krivi\u010dna djela organizovanja i u\u010destvovanja u teroristi\u010dkoj grupi, dok se za 17 osoba traga.<\/p>\n<p>List navodi da je me\u0111u predvodnicima radikalnih islamskih ideja nekoliko imama, me\u0111u kojima se posebno isti\u010de gnjilanski Zekerija \u0106azimi, u\u010ditelj dosad najpoznatijeg albanskog borca u Siriji Lavdrima Muhad\u017eerija, koji je nedavno ubijen u sukobima u toj zemlji.<\/p>\n<p>&nbsp;<\/p>\n","protected":false},"excerpt":{"rendered":"<p>Jezgro radikalnih islamista u Ra\u0161koj \u010dini grupa od oko 120 ljudi koji organizuju ilegalne vehabijske \u0161kole u podrumima privatnih ku\u0107a, a njih oko 40 oti\u0161lo je da ratuje u Siriji, uglavnom za teroristi\u010dku organizaciju &#8220;Islamska dr\u017eava&#8221;, javlja Srna.<\/p>\n","protected":false},"author":1,"featured_media":0,"comment_status":"open","ping_status":"closed","sticky":false,"template":"","format":"standard","meta":{"_seopress_robots_primary_cat":"","_seopress_titles_title":"","_seopress_titles_desc":"","_seopress_robots_index":"","_et_pb_use_builder":"","_et_pb_old_content":"","_et_gb_content_width":"","inline_featured_image":false,"footnotes":""},"categories":[14],"tags":[],"class_list":["post-157293","post","type-post","status-publish","format-standard","hentry","category-vijesti"],"_links":{"self":[{"href":"https:\/\/www.pcnen.com\/portal\/wp-json\/wp\/v2\/posts\/157293","targetHints":{"allow":["GET"]}}],"collection":[{"href":"https:\/\/www.pcnen.com\/portal\/wp-json\/wp\/v2\/posts"}],"about":[{"href":"https:\/\/www.pcnen.com\/portal\/wp-json\/wp\/v2\/types\/post"}],"author":[{"embeddable":true,"href":"https:\/\/www.pcnen.com\/portal\/wp-json\/wp\/v2\/users\/1"}],"replies":[{"embeddable":true,"href":"https:\/\/www.pcnen.com\/portal\/wp-json\/wp\/v2\/comments?post=157293"}],"version-history":[{"count":0,"href":"https:\/\/www.pcnen.com\/portal\/wp-json\/wp\/v2\/posts\/157293\/revisions"}],"wp:attachment":[{"href":"https:\/\/www.pcnen.com\/portal\/wp-json\/wp\/v2\/media?parent=157293"}],"wp:term":[{"taxonomy":"category","embeddable":true,"href":"https:\/\/www.pcnen.com\/portal\/wp-json\/wp\/v2\/categories?post=157293"},{"taxonomy":"post_tag","embeddable":true,"href":"https:\/\/www.pcnen.com\/portal\/wp-json\/wp\/v2\/tags?post=157293"}],"curies":[{"name":"wp","href":"https:\/\/api.w.org\/{rel}","templated":true}]}}