{"id":157282,"date":"2014-09-07T11:18:45","date_gmt":"2014-09-07T09:18:45","guid":{"rendered":"http:\/\/www.pcnen.com\/portal\/?p=157282"},"modified":"2014-09-07T14:15:38","modified_gmt":"2014-09-07T12:15:38","slug":"cgna-posao-ceka-212-magistara","status":"publish","type":"post","link":"https:\/\/www.pcnen.com\/portal\/2014\/09\/07\/cgna-posao-ceka-212-magistara\/","title":{"rendered":"CG:Na posao \u010deka 212 magistara"},"content":{"rendered":"<p><img loading=\"lazy\" decoding=\"async\" class=\"alignleft size-thumbnail wp-image-78285\" title=\"diploma\" src=\"http:\/\/www.pcnen.com\/portal\/wp-content\/uploads\/2012\/03\/diploma-150x150.jpg\" alt=\"\" width=\"150\" height=\"150\" \/>U Crnoj Gori raste broj nezaposlenih sa fakultetskim diplomama, a prema poslednjim podacima Zavoda za zapo\u0161ljavanje bez posla je 212 magistara.<\/p>\n<p>Kako pi\u0161e Dan, u Crnoj Gori 8.706 visoko\u0161kolaca nema posao, \u0161to je za 760 vi\u0161e i odnosu na pro\u0161lu godinu.<\/p>\n<p>Iz Zavoda su naveli da na posao \u010deka 212 magistara, \u0161to je u odnosu na isti period pro\u0161le godine, manje 19, prenosi Mina.<\/p>\n<p>Na evidenciji nezaposlenih su i 864 osobe sa ste\u010denim vi\u0161im obrazovanjem.<\/p>\n<p>Kako su objasnili iz Zavoda, pro\u0161le i ove godine od pomenutog broja visoko\u0161kolaca, koji se nalaze na evidenciji te ustanove, blizu \u010detiri hiljade je uklju\u010deno u program stru\u010dnog osposobljavanja.<\/p>\n<p>&nbsp;<\/p>\n","protected":false},"excerpt":{"rendered":"<p>U Crnoj Gori 8.706 visoko\u0161kolaca nema posao<\/p>\n","protected":false},"author":1,"featured_media":0,"comment_status":"open","ping_status":"closed","sticky":false,"template":"","format":"standard","meta":{"_seopress_robots_primary_cat":"","_seopress_titles_title":"","_seopress_titles_desc":"","_seopress_robots_index":"","_et_pb_use_builder":"","_et_pb_old_content":"","_et_gb_content_width":"","inline_featured_image":false,"footnotes":""},"categories":[14,12],"tags":[],"class_list":["post-157282","post","type-post","status-publish","format-standard","hentry","category-vijesti","category-prica-dana"],"_links":{"self":[{"href":"https:\/\/www.pcnen.com\/portal\/wp-json\/wp\/v2\/posts\/157282","targetHints":{"allow":["GET"]}}],"collection":[{"href":"https:\/\/www.pcnen.com\/portal\/wp-json\/wp\/v2\/posts"}],"about":[{"href":"https:\/\/www.pcnen.com\/portal\/wp-json\/wp\/v2\/types\/post"}],"author":[{"embeddable":true,"href":"https:\/\/www.pcnen.com\/portal\/wp-json\/wp\/v2\/users\/1"}],"replies":[{"embeddable":true,"href":"https:\/\/www.pcnen.com\/portal\/wp-json\/wp\/v2\/comments?post=157282"}],"version-history":[{"count":0,"href":"https:\/\/www.pcnen.com\/portal\/wp-json\/wp\/v2\/posts\/157282\/revisions"}],"wp:attachment":[{"href":"https:\/\/www.pcnen.com\/portal\/wp-json\/wp\/v2\/media?parent=157282"}],"wp:term":[{"taxonomy":"category","embeddable":true,"href":"https:\/\/www.pcnen.com\/portal\/wp-json\/wp\/v2\/categories?post=157282"},{"taxonomy":"post_tag","embeddable":true,"href":"https:\/\/www.pcnen.com\/portal\/wp-json\/wp\/v2\/tags?post=157282"}],"curies":[{"name":"wp","href":"https:\/\/api.w.org\/{rel}","templated":true}]}}