{"id":157255,"date":"2014-09-06T23:11:10","date_gmt":"2014-09-06T21:11:10","guid":{"rendered":"http:\/\/www.pcnen.com\/portal\/?p=157255"},"modified":"2014-09-06T23:11:10","modified_gmt":"2014-09-06T21:11:10","slug":"svestenik-optuzen-za-seksualno-zlostavljanje-u-australiji-nastavlja-sluzbu-u-bih","status":"publish","type":"post","link":"https:\/\/www.pcnen.com\/portal\/2014\/09\/06\/svestenik-optuzen-za-seksualno-zlostavljanje-u-australiji-nastavlja-sluzbu-u-bih\/","title":{"rendered":"Sve\u0161tenik optu\u017een za seksualno zlostavljanje u Australiji nastavlja slu\u017ebu u BiH"},"content":{"rendered":"<p>Katoli\u010dki sve\u0161tenik koji je protjeran iz biskupije u Melburnu zbog seksualnog zlostavljanja nastavio je rad u slu\u017ebi u BiH, pi\u0161u mediji u Australiji.<\/p>\n<p>Mato Kri\u017eanac \u0107e nastaviti da radi u BiH sa sve\u0161teni\u010dkim pozivom, uprkos izri\u010ditom upozorenju nadbiskupa Melburna Denisa Harta, pi\u0161e theage.com.au.<\/p>\n<p>Ocu Kri\u017eanacu trajno su oduzete sve crkvene du\u017enosti u julu nakon du\u017ee istrage, a vezano za optu\u017ebe da je 1980-ih seksualno zlostavljao maloljetnicu.<\/p>\n<p>Me\u0111utim, The Sunday Age pi\u0161e kako se Kri\u017eanac vratio u crkvenu slu\u017ebu u BiH uz dopu\u0161tenje nadbiskupa u Sarajevu.<\/p>\n<p>Lokacija na kojoj se nalazi Kri\u017eanac trenutno je nepoznata, prenosi portal Klix.ba.<\/p>\n<p>Portparol nadbiskupije u Melburnu je tamo\u0161njim medijima kazao da je nadbiskup Vrhbosanski sada odgovoran za postupke oca Kri\u017eanca, jer je nadbiskupija u Melburnu o svemu informisala Katoli\u010dku crkvu u BiH.<\/p>\n<p>&#8220;Kada je ishod istrage o tom slu\u010daju bio saop\u0161ten ocu Kri\u017eancu on je donio odluku da \u0107e se vratiti u Bosnu. Komunicirao sam u nekoliko navrata s kardinalom Vinkom Pulji\u0107em, nadbiskupom Vrhbosanskim, kako bi bio siguran da je on u potpunosti upoznat s navodima, procesom istrage i onim \u0161to je istraga pokazala&#8221;, naveo je biskup Hart.<\/p>\n","protected":false},"excerpt":{"rendered":"<p>Katoli\u010dki sve\u0161tenik koji je protjeran iz biskupije u Melburnu zbog seksualnog zlostavljanja nastavio je rad u slu\u017ebi u BiH, pi\u0161u mediji u Australiji. Mato Kri\u017eanac \u0107e nastaviti da radi u BiH sa sve\u0161teni\u010dkim pozivom, uprkos izri\u010ditom upozorenju nadbiskupa Melburna Denisa Harta, pi\u0161e theage.com.au. Ocu Kri\u017eanacu trajno su oduzete sve crkvene du\u017enosti u julu nakon du\u017ee [&hellip;]<\/p>\n","protected":false},"author":1,"featured_media":0,"comment_status":"open","ping_status":"closed","sticky":false,"template":"","format":"standard","meta":{"_seopress_robots_primary_cat":"","_seopress_titles_title":"","_seopress_titles_desc":"","_seopress_robots_index":"","_et_pb_use_builder":"","_et_pb_old_content":"","_et_gb_content_width":"","inline_featured_image":false,"footnotes":""},"categories":[14],"tags":[],"class_list":["post-157255","post","type-post","status-publish","format-standard","hentry","category-vijesti"],"_links":{"self":[{"href":"https:\/\/www.pcnen.com\/portal\/wp-json\/wp\/v2\/posts\/157255","targetHints":{"allow":["GET"]}}],"collection":[{"href":"https:\/\/www.pcnen.com\/portal\/wp-json\/wp\/v2\/posts"}],"about":[{"href":"https:\/\/www.pcnen.com\/portal\/wp-json\/wp\/v2\/types\/post"}],"author":[{"embeddable":true,"href":"https:\/\/www.pcnen.com\/portal\/wp-json\/wp\/v2\/users\/1"}],"replies":[{"embeddable":true,"href":"https:\/\/www.pcnen.com\/portal\/wp-json\/wp\/v2\/comments?post=157255"}],"version-history":[{"count":0,"href":"https:\/\/www.pcnen.com\/portal\/wp-json\/wp\/v2\/posts\/157255\/revisions"}],"wp:attachment":[{"href":"https:\/\/www.pcnen.com\/portal\/wp-json\/wp\/v2\/media?parent=157255"}],"wp:term":[{"taxonomy":"category","embeddable":true,"href":"https:\/\/www.pcnen.com\/portal\/wp-json\/wp\/v2\/categories?post=157255"},{"taxonomy":"post_tag","embeddable":true,"href":"https:\/\/www.pcnen.com\/portal\/wp-json\/wp\/v2\/tags?post=157255"}],"curies":[{"name":"wp","href":"https:\/\/api.w.org\/{rel}","templated":true}]}}