{"id":157231,"date":"2014-09-06T16:09:44","date_gmt":"2014-09-06T14:09:44","guid":{"rendered":"http:\/\/www.pcnen.com\/portal\/?p=157231"},"modified":"2014-09-06T16:09:44","modified_gmt":"2014-09-06T14:09:44","slug":"merkel-pozvala-gradane-na-skup-protiv-antisemitizma","status":"publish","type":"post","link":"https:\/\/www.pcnen.com\/portal\/2014\/09\/06\/merkel-pozvala-gradane-na-skup-protiv-antisemitizma\/","title":{"rendered":"Merkel pozvala gra\u0111ane na skup protiv antisemitizma"},"content":{"rendered":"<p>Njema\u010dka kancelarka Angela Merkel je pozvala danas gra\u0111ane da prisustvuju skupu protiv antisemitizma naredne nedjelje u Berlinu, na kome \u0107e i ona govoriti.<\/p>\n<p>Kancelarka je rekla da \u0107e sve u\u010diniti \u0161to je u njenoj mo\u0107i kako bi se uvjerila da antisemitizmu nema mjesta u Njema\u010dkoj, javlja Beta.<\/p>\n<p>Tokom nedavnih protesta u Njema\u010dkoj zbog rata u pojasu Gaze napadnute su sinagoge i Jevreji, dok su neki demonstranti uzvikivali da Jevreje treba poslati u gasne komore.<\/p>\n<p>Merkel je rekla da je prioritet Njema\u010dke da se Jevreji osje\u0107aju bezbijedno u toj zemlji koja je prije 75 godina po\u010dela Drugi svjetski rata tokom kojeg je ubijeno \u0161est miliona Jevreja.<\/p>\n<p>Njema\u010dka kancelarka je izrazila zabrinutost \u0161to je nekim jevrejskim institucijama u toj zemlji potrebna policijska za\u0161tita.<\/p>\n<p>&#8220;Odlu\u010dno treba da nastavimo da pratimo svaki znak antisemitizma&#8221;, rekla je Angela Merkel.<\/p>\n<p>&nbsp;<\/p>\n","protected":false},"excerpt":{"rendered":"<p>Njema\u010dka kancelarka Angela Merkel je pozvala danas gra\u0111ane da prisustvuju skupu protiv antisemitizma naredne nedjelje u Berlinu, na kome \u0107e i ona govoriti. Kancelarka je rekla da \u0107e sve u\u010diniti \u0161to je u njenoj mo\u0107i kako bi se uvjerila da antisemitizmu nema mjesta u Njema\u010dkoj, javlja Beta. Tokom nedavnih protesta u Njema\u010dkoj zbog rata u [&hellip;]<\/p>\n","protected":false},"author":1,"featured_media":0,"comment_status":"open","ping_status":"closed","sticky":false,"template":"","format":"standard","meta":{"_seopress_robots_primary_cat":"","_seopress_titles_title":"","_seopress_titles_desc":"","_seopress_robots_index":"","_et_pb_use_builder":"","_et_pb_old_content":"","_et_gb_content_width":"","inline_featured_image":false,"footnotes":""},"categories":[14],"tags":[],"class_list":["post-157231","post","type-post","status-publish","format-standard","hentry","category-vijesti"],"_links":{"self":[{"href":"https:\/\/www.pcnen.com\/portal\/wp-json\/wp\/v2\/posts\/157231","targetHints":{"allow":["GET"]}}],"collection":[{"href":"https:\/\/www.pcnen.com\/portal\/wp-json\/wp\/v2\/posts"}],"about":[{"href":"https:\/\/www.pcnen.com\/portal\/wp-json\/wp\/v2\/types\/post"}],"author":[{"embeddable":true,"href":"https:\/\/www.pcnen.com\/portal\/wp-json\/wp\/v2\/users\/1"}],"replies":[{"embeddable":true,"href":"https:\/\/www.pcnen.com\/portal\/wp-json\/wp\/v2\/comments?post=157231"}],"version-history":[{"count":0,"href":"https:\/\/www.pcnen.com\/portal\/wp-json\/wp\/v2\/posts\/157231\/revisions"}],"wp:attachment":[{"href":"https:\/\/www.pcnen.com\/portal\/wp-json\/wp\/v2\/media?parent=157231"}],"wp:term":[{"taxonomy":"category","embeddable":true,"href":"https:\/\/www.pcnen.com\/portal\/wp-json\/wp\/v2\/categories?post=157231"},{"taxonomy":"post_tag","embeddable":true,"href":"https:\/\/www.pcnen.com\/portal\/wp-json\/wp\/v2\/tags?post=157231"}],"curies":[{"name":"wp","href":"https:\/\/api.w.org\/{rel}","templated":true}]}}