{"id":157228,"date":"2014-09-06T16:06:22","date_gmt":"2014-09-06T14:06:22","guid":{"rendered":"http:\/\/www.pcnen.com\/portal\/?p=157228"},"modified":"2014-09-06T16:06:22","modified_gmt":"2014-09-06T14:06:22","slug":"osijekprva-gej-parada-prosla-mirno","status":"publish","type":"post","link":"https:\/\/www.pcnen.com\/portal\/2014\/09\/06\/osijekprva-gej-parada-prosla-mirno\/","title":{"rendered":"Osijek:Prva gej parada pro\u0161la mirno"},"content":{"rendered":"<p>Oko 300 gra\u0111ana u\u010destvovalo je danas u prvoj Paradi ponosa u Osijeku koja je protekla mirno i uz jake mjere bezbijednosti.<\/p>\n<p>Osijek je tre\u0107i hrvatski grad u kojem je odr\u017eana povorka. Prva je odr\u017eana u Zagrebu 2001., a deset godina kasnije i u Splitu.<\/p>\n<p>Hrvatska radiotelevizija prenijela je da je tokom prolaska povorke centar grada bio gotovo prazan i da su se Osje\u010dani uglavnom dr\u017eali po strani.<\/p>\n<p>Povorka je krenula ne\u0161to poslije podneva s osje\u010dkog Trga Ante Star\u010devi\u0107a, gdje su se njeni u\u010desnici i vratili po\u0161to su pro\u0161li centralnim gradskim ulicama. Na \u010delu kolone nalazio se veliki transparent s natpisom &#8220;Osijek &#8211; LGBTQ &#8211; Nepokoreni grad&#8221;, prenosi Beta.<\/p>\n<p>U\u010desnici su nosili i transparente na kojima je pisalo &#8220;Inati se Slavonijo&#8221;, &#8220;Homofobija u svoja \u010detiri zida&#8221; i &#8220;Tra\u017eimo osnovna ljudska prava&#8221;.<\/p>\n<p>Skup je organizovalo udru\u017eenje LiberOs, a u povorci je bio i ministar privrede Ivan Vrdoljak, koji je iz Osijeka, kao i gosti iz susjednih dr\u017eava, me\u0111u njima i iz Srbije.<\/p>\n<p>&nbsp;<\/p>\n","protected":false},"excerpt":{"rendered":"<p>Oko 300 gra\u0111ana u\u010destvovalo je danas u prvoj Paradi ponosa u Osijeku koja je protekla mirno i uz jake mjere bezbijednosti. Osijek je tre\u0107i hrvatski grad u kojem je odr\u017eana povorka. Prva je odr\u017eana u Zagrebu 2001., a deset godina kasnije i u Splitu. Hrvatska radiotelevizija prenijela je da je tokom prolaska povorke centar grada [&hellip;]<\/p>\n","protected":false},"author":1,"featured_media":0,"comment_status":"open","ping_status":"closed","sticky":false,"template":"","format":"standard","meta":{"_seopress_robots_primary_cat":"","_seopress_titles_title":"","_seopress_titles_desc":"","_seopress_robots_index":"","_et_pb_use_builder":"","_et_pb_old_content":"","_et_gb_content_width":"","inline_featured_image":false,"footnotes":""},"categories":[14],"tags":[],"class_list":["post-157228","post","type-post","status-publish","format-standard","hentry","category-vijesti"],"_links":{"self":[{"href":"https:\/\/www.pcnen.com\/portal\/wp-json\/wp\/v2\/posts\/157228","targetHints":{"allow":["GET"]}}],"collection":[{"href":"https:\/\/www.pcnen.com\/portal\/wp-json\/wp\/v2\/posts"}],"about":[{"href":"https:\/\/www.pcnen.com\/portal\/wp-json\/wp\/v2\/types\/post"}],"author":[{"embeddable":true,"href":"https:\/\/www.pcnen.com\/portal\/wp-json\/wp\/v2\/users\/1"}],"replies":[{"embeddable":true,"href":"https:\/\/www.pcnen.com\/portal\/wp-json\/wp\/v2\/comments?post=157228"}],"version-history":[{"count":0,"href":"https:\/\/www.pcnen.com\/portal\/wp-json\/wp\/v2\/posts\/157228\/revisions"}],"wp:attachment":[{"href":"https:\/\/www.pcnen.com\/portal\/wp-json\/wp\/v2\/media?parent=157228"}],"wp:term":[{"taxonomy":"category","embeddable":true,"href":"https:\/\/www.pcnen.com\/portal\/wp-json\/wp\/v2\/categories?post=157228"},{"taxonomy":"post_tag","embeddable":true,"href":"https:\/\/www.pcnen.com\/portal\/wp-json\/wp\/v2\/tags?post=157228"}],"curies":[{"name":"wp","href":"https:\/\/api.w.org\/{rel}","templated":true}]}}