{"id":157198,"date":"2014-09-06T09:18:47","date_gmt":"2014-09-06T07:18:47","guid":{"rendered":"http:\/\/www.pcnen.com\/portal\/?p=157198"},"modified":"2014-09-06T09:18:47","modified_gmt":"2014-09-06T07:18:47","slug":"prvo-zivotno-partnerstvo-sklopljeno-u-zagrebu","status":"publish","type":"post","link":"https:\/\/www.pcnen.com\/portal\/2014\/09\/06\/prvo-zivotno-partnerstvo-sklopljeno-u-zagrebu\/","title":{"rendered":"Prvo \u017eivotno partnerstvo sklopljeno u Zagrebu"},"content":{"rendered":"<p><img loading=\"lazy\" decoding=\"async\" class=\"alignleft size-thumbnail wp-image-157199\" title=\"Kravate\" src=\"http:\/\/www.pcnen.com\/portal\/wp-content\/uploads\/2014\/09\/Kravate-150x150.jpg\" alt=\"\" width=\"150\" height=\"150\" srcset=\"https:\/\/www.pcnen.com\/portal\/wp-content\/uploads\/2014\/09\/Kravate-150x150.jpg 150w, https:\/\/www.pcnen.com\/portal\/wp-content\/uploads\/2014\/09\/Kravate-144x144.jpg 144w, https:\/\/www.pcnen.com\/portal\/wp-content\/uploads\/2014\/09\/Kravate-50x50.jpg 50w, https:\/\/www.pcnen.com\/portal\/wp-content\/uploads\/2014\/09\/Kravate-70x70.jpg 70w\" sizes=\"(max-width: 150px) 100vw, 150px\" \/>U Zagrebu je sklopljeno prvo \u017eivotno partnerstvo, objavili su iz Zagreb Prajda na svojoj Fejsbuk stranici, prenijeli su lokalni online mediji, koji su naveli da je vjen\u010danju prisustvovao i ministar uprave Arsen Bauk, koji im je poklonio &#8211; dvije kravate.<\/p>\n<p>&#8220;To\u010dno je. U ime Republike Hrvatske sam im poklonio dvije kravate. To je simboli\u010dan poklon prvom paru koji je sklopio \u017eivotno partnerstvo&#8221;, izjavio je za <a href=\"http:\/\/www.index.hr\/vijesti\/clanak\/u-zagrebu-je-sklopljen-prvi-gay-brak-ministar-bauk-mladozenjama-darovao-kravate\/769716.aspx\" target=\"_blank\">Indeks.hr <\/a>ministar i otkrio da su dosad primili 17 zahtjeva iz razli\u010ditih djelova Hrvatske, a najvi\u0161e iz Zagreba.<\/p>\n<p>Hrvatski sabor je sredinom jula ove godine s 89 glasova za i 16 protiv donio Zakon o \u017eivotnom partnerstvu osoba istog pola.<\/p>\n<p>&nbsp;<\/p>\n","protected":false},"excerpt":{"rendered":"<p>Vjen\u010danju prisustvovao i ministar uprave Arsen Bauk, koji im je poklonio &#8211; dvije kravate<\/p>\n","protected":false},"author":1,"featured_media":157199,"comment_status":"open","ping_status":"closed","sticky":false,"template":"","format":"standard","meta":{"_seopress_robots_primary_cat":"","_seopress_titles_title":"","_seopress_titles_desc":"","_seopress_robots_index":"","_et_pb_use_builder":"","_et_pb_old_content":"","_et_gb_content_width":"","inline_featured_image":false,"footnotes":""},"categories":[14,12],"tags":[],"class_list":["post-157198","post","type-post","status-publish","format-standard","has-post-thumbnail","hentry","category-vijesti","category-prica-dana"],"_links":{"self":[{"href":"https:\/\/www.pcnen.com\/portal\/wp-json\/wp\/v2\/posts\/157198","targetHints":{"allow":["GET"]}}],"collection":[{"href":"https:\/\/www.pcnen.com\/portal\/wp-json\/wp\/v2\/posts"}],"about":[{"href":"https:\/\/www.pcnen.com\/portal\/wp-json\/wp\/v2\/types\/post"}],"author":[{"embeddable":true,"href":"https:\/\/www.pcnen.com\/portal\/wp-json\/wp\/v2\/users\/1"}],"replies":[{"embeddable":true,"href":"https:\/\/www.pcnen.com\/portal\/wp-json\/wp\/v2\/comments?post=157198"}],"version-history":[{"count":0,"href":"https:\/\/www.pcnen.com\/portal\/wp-json\/wp\/v2\/posts\/157198\/revisions"}],"wp:featuredmedia":[{"embeddable":true,"href":"https:\/\/www.pcnen.com\/portal\/wp-json\/wp\/v2\/media\/157199"}],"wp:attachment":[{"href":"https:\/\/www.pcnen.com\/portal\/wp-json\/wp\/v2\/media?parent=157198"}],"wp:term":[{"taxonomy":"category","embeddable":true,"href":"https:\/\/www.pcnen.com\/portal\/wp-json\/wp\/v2\/categories?post=157198"},{"taxonomy":"post_tag","embeddable":true,"href":"https:\/\/www.pcnen.com\/portal\/wp-json\/wp\/v2\/tags?post=157198"}],"curies":[{"name":"wp","href":"https:\/\/api.w.org\/{rel}","templated":true}]}}