{"id":157195,"date":"2014-09-06T09:08:11","date_gmt":"2014-09-06T07:08:11","guid":{"rendered":"http:\/\/www.pcnen.com\/portal\/?p=157195"},"modified":"2014-09-06T09:22:13","modified_gmt":"2014-09-06T07:22:13","slug":"masovni-ubica-trazi-dozvolu-za-osnivanje-fasisticke-stranke","status":"publish","type":"post","link":"https:\/\/www.pcnen.com\/portal\/2014\/09\/06\/masovni-ubica-trazi-dozvolu-za-osnivanje-fasisticke-stranke\/","title":{"rendered":"Masovni ubica tra\u017ei dozvolu za osnivanje fa\u0161isti\u010dke stranke"},"content":{"rendered":"<p><img loading=\"lazy\" decoding=\"async\" class=\"alignleft size-thumbnail wp-image-92178\" title=\"ABreivik\" src=\"http:\/\/www.pcnen.com\/portal\/wp-content\/uploads\/2012\/08\/ABreivik-150x150.jpg\" alt=\"\" width=\"150\" height=\"150\" srcset=\"https:\/\/www.pcnen.com\/portal\/wp-content\/uploads\/2012\/08\/ABreivik-150x150.jpg 150w, https:\/\/www.pcnen.com\/portal\/wp-content\/uploads\/2012\/08\/ABreivik-300x300.jpg 300w, https:\/\/www.pcnen.com\/portal\/wp-content\/uploads\/2012\/08\/ABreivik-144x144.jpg 144w, https:\/\/www.pcnen.com\/portal\/wp-content\/uploads\/2012\/08\/ABreivik-450x450.jpg 450w, https:\/\/www.pcnen.com\/portal\/wp-content\/uploads\/2012\/08\/ABreivik-50x50.jpg 50w, https:\/\/www.pcnen.com\/portal\/wp-content\/uploads\/2012\/08\/ABreivik-480x479.jpg 480w, https:\/\/www.pcnen.com\/portal\/wp-content\/uploads\/2012\/08\/ABreivik-235x234.jpg 235w, https:\/\/www.pcnen.com\/portal\/wp-content\/uploads\/2012\/08\/ABreivik-75x74.jpg 75w, https:\/\/www.pcnen.com\/portal\/wp-content\/uploads\/2012\/08\/ABreivik-350x349.jpg 350w, https:\/\/www.pcnen.com\/portal\/wp-content\/uploads\/2012\/08\/ABreivik-70x70.jpg 70w, https:\/\/www.pcnen.com\/portal\/wp-content\/uploads\/2012\/08\/ABreivik-220x219.jpg 220w, https:\/\/www.pcnen.com\/portal\/wp-content\/uploads\/2012\/08\/ABreivik.jpg 500w\" sizes=\"(max-width: 150px) 100vw, 150px\" \/>Norve\u0161ki masovni ubica Anders Brejvik, koji na su\u0111enju za ubistvo 77 ljudi 2011. godine nije pokazao nikakvo kajanje, objavio je danas da se odri\u010de nasilja i da je voljan da se izvini zbog svojih djela ukoliko mu bude dozvoljeno da osnuje fa\u0161isti\u010dku partiju, prenose online mediji agencijsku vijest.<\/p>\n<p>U pismu na 33 strane, poslatom iz zatvora agenciji AFP, Brejvik isti\u010de kako je rije\u0161en da donese promjene mirnim sredstvima i kako \u017eeli da osnuje partiju pod nazivom Norve\u0161ka fa\u0161isti\u010dka partija i nordijska liga (NFP i NL).<\/p>\n<p>\u201cKao biv\u0161em borcu srce mi krvari zbog varvarstava koje sam po\u010dinio 22. jula\u201d, isti\u010de Brejvik, aludiraju\u0107i na dan kada je postavio automobilsku bombu u centru Osla, od koje je poginulo osmoro ljudi, a potom upucano jo\u0161 60 osoba na ostrvu Utoja.<\/p>\n<p>Brejvik navodi kako bi jedini cilj osnivanja partije NFP i NL bio da se tako ne\u0161to nikad ne ponovi. On tra\u017ei i ukidanje tzv. Gerhardsen\/Haugeove doktrine po kojoj su fa\u0161isti\u010dke partije trajno isklju\u010dene iz politi\u010dkog \u017eivota demokratske Norve\u0161ke.<\/p>\n<p>Brejvik upozorava da \u0107e tu\u017eiti dr\u017eavu ukoliko mu norve\u0161ko ministarstvu pravde u roku od 30 dana ne dozvoli da osnuje partiju.<\/p>\n<p>Brejvik slu\u017ei maksimalnu kaznu zatvora u Norve\u0161koj <a title=\"Brejvik osu\u0111en na 21 godinu zatvora\" href=\"http:\/\/www.pcnen.com\/portal\/2012\/08\/24\/brejvik-osuden-na-21-godinu-zatvora\/\">od 21 godine<\/a>. Ni po isteku tog roka, me\u0111utim, Brejvik ne mora da bude pu\u0161ten ukoliko se procijeni da predstavlja prijetnju dru\u0161tvu.<\/p>\n","protected":false},"excerpt":{"rendered":"<p>Norve\u0161ki masovni ubica Anders Brejvik objavio da se odri\u010de nasilja i da je voljan da se izvini ukoliko mu bude dozvoljeno da osnuje fa\u0161isti\u010dku partiju<\/p>\n","protected":false},"author":1,"featured_media":92178,"comment_status":"open","ping_status":"closed","sticky":false,"template":"","format":"standard","meta":{"_seopress_robots_primary_cat":"","_seopress_titles_title":"","_seopress_titles_desc":"","_seopress_robots_index":"","_et_pb_use_builder":"","_et_pb_old_content":"","_et_gb_content_width":"","inline_featured_image":false,"footnotes":""},"categories":[14,12],"tags":[],"class_list":["post-157195","post","type-post","status-publish","format-standard","has-post-thumbnail","hentry","category-vijesti","category-prica-dana"],"_links":{"self":[{"href":"https:\/\/www.pcnen.com\/portal\/wp-json\/wp\/v2\/posts\/157195","targetHints":{"allow":["GET"]}}],"collection":[{"href":"https:\/\/www.pcnen.com\/portal\/wp-json\/wp\/v2\/posts"}],"about":[{"href":"https:\/\/www.pcnen.com\/portal\/wp-json\/wp\/v2\/types\/post"}],"author":[{"embeddable":true,"href":"https:\/\/www.pcnen.com\/portal\/wp-json\/wp\/v2\/users\/1"}],"replies":[{"embeddable":true,"href":"https:\/\/www.pcnen.com\/portal\/wp-json\/wp\/v2\/comments?post=157195"}],"version-history":[{"count":0,"href":"https:\/\/www.pcnen.com\/portal\/wp-json\/wp\/v2\/posts\/157195\/revisions"}],"wp:featuredmedia":[{"embeddable":true,"href":"https:\/\/www.pcnen.com\/portal\/wp-json\/wp\/v2\/media\/92178"}],"wp:attachment":[{"href":"https:\/\/www.pcnen.com\/portal\/wp-json\/wp\/v2\/media?parent=157195"}],"wp:term":[{"taxonomy":"category","embeddable":true,"href":"https:\/\/www.pcnen.com\/portal\/wp-json\/wp\/v2\/categories?post=157195"},{"taxonomy":"post_tag","embeddable":true,"href":"https:\/\/www.pcnen.com\/portal\/wp-json\/wp\/v2\/tags?post=157195"}],"curies":[{"name":"wp","href":"https:\/\/api.w.org\/{rel}","templated":true}]}}