{"id":157085,"date":"2014-09-05T07:47:03","date_gmt":"2014-09-05T05:47:03","guid":{"rendered":"http:\/\/www.pcnen.com\/portal\/?p=157085"},"modified":"2014-09-05T07:47:03","modified_gmt":"2014-09-05T05:47:03","slug":"kisa-uglavnom-od-sredine-dana","status":"publish","type":"post","link":"https:\/\/www.pcnen.com\/portal\/2014\/09\/05\/kisa-uglavnom-od-sredine-dana\/","title":{"rendered":"Ki\u0161a uglavnom od sredine dana"},"content":{"rendered":"<p><img loading=\"lazy\" decoding=\"async\" class=\"alignleft size-thumbnail wp-image-83820\" title=\"kisa\" src=\"http:\/\/www.pcnen.com\/portal\/wp-content\/uploads\/2012\/05\/kisa-150x150.jpg\" alt=\"\" width=\"150\" height=\"150\" \/>Danas \u0107e u Crnoj Gori biti promjenljivo obla\u010dno, a mjestimi\u010dna ki\u0161a ili pljusak pra\u0107en grmljavinom najavljuje se uglavnom od sredine dana.<\/p>\n<p>Vjetar promjenljivog smjera bi\u0107e slab do umjeren, a more mirno do malo talasasto.<\/p>\n<p>Najvi\u0161a dnevna temperatura vazduha kreta\u0107e se od 18 do 28 stepeni.<\/p>\n<p>Metereolozi najavljuju sve do utorka naredne sedmice promjenljivo obla\u010dno vrijeme sa sun\u010danim intervalima, ali i mjestimi\u010dnom ki\u0161om ili pljuskovima sa grmljavinom, uglavnom u drugom dijelu dana. U ponedjeljak i utorak u ju\u017enim krajevima zemlje prijepodne \u0107e biti prete\u017eno sun\u010dano, a poslijepodne \u0107e biti manje izgleda za padavine.<\/p>\n","protected":false},"excerpt":{"rendered":"<p>Najvi\u0161a dnevna temperatura vazduha kreta\u0107e se od 18 do 28 stepeni.<\/p>\n","protected":false},"author":1,"featured_media":0,"comment_status":"open","ping_status":"closed","sticky":false,"template":"","format":"standard","meta":{"_seopress_robots_primary_cat":"","_seopress_titles_title":"","_seopress_titles_desc":"","_seopress_robots_index":"","_et_pb_use_builder":"","_et_pb_old_content":"","_et_gb_content_width":"","inline_featured_image":false,"footnotes":""},"categories":[14,12],"tags":[],"class_list":["post-157085","post","type-post","status-publish","format-standard","hentry","category-vijesti","category-prica-dana"],"_links":{"self":[{"href":"https:\/\/www.pcnen.com\/portal\/wp-json\/wp\/v2\/posts\/157085","targetHints":{"allow":["GET"]}}],"collection":[{"href":"https:\/\/www.pcnen.com\/portal\/wp-json\/wp\/v2\/posts"}],"about":[{"href":"https:\/\/www.pcnen.com\/portal\/wp-json\/wp\/v2\/types\/post"}],"author":[{"embeddable":true,"href":"https:\/\/www.pcnen.com\/portal\/wp-json\/wp\/v2\/users\/1"}],"replies":[{"embeddable":true,"href":"https:\/\/www.pcnen.com\/portal\/wp-json\/wp\/v2\/comments?post=157085"}],"version-history":[{"count":0,"href":"https:\/\/www.pcnen.com\/portal\/wp-json\/wp\/v2\/posts\/157085\/revisions"}],"wp:attachment":[{"href":"https:\/\/www.pcnen.com\/portal\/wp-json\/wp\/v2\/media?parent=157085"}],"wp:term":[{"taxonomy":"category","embeddable":true,"href":"https:\/\/www.pcnen.com\/portal\/wp-json\/wp\/v2\/categories?post=157085"},{"taxonomy":"post_tag","embeddable":true,"href":"https:\/\/www.pcnen.com\/portal\/wp-json\/wp\/v2\/tags?post=157085"}],"curies":[{"name":"wp","href":"https:\/\/api.w.org\/{rel}","templated":true}]}}