{"id":15495,"date":"2006-10-03T14:46:32","date_gmt":"2006-10-03T14:46:32","guid":{"rendered":"http:\/\/www.pcnen.com\/portal\/?p=15495"},"modified":"2006-10-03T14:46:32","modified_gmt":"2006-10-03T14:46:32","slug":"vujanovic-dukanovic-i-marovic-se-povlace-sa-drzavnih-funkcija","status":"publish","type":"post","link":"https:\/\/www.pcnen.com\/portal\/2006\/10\/03\/vujanovic-dukanovic-i-marovic-se-povlace-sa-drzavnih-funkcija\/","title":{"rendered":"Vujanovi\u0107: \u0110ukanovi\u0107 i Marovi\u0107 se povla\u010de sa dr\u017eavnih funkcija"},"content":{"rendered":"<p>Vujanovi\u0107 je Radiju Crne Gore rekao da je ta \u0110ukanovi\u0107eva odluka &quot;\u010dvrsta&quot; i kona\u010dna, i dodao da \u0107e dosada&scaron;nji premijer ostati na \u010delu vladaju\u0107e DPS.<\/p>\n<p>Prema rije\u010dima Vujanovi\u0107a, potpredsjednik DPS i doskora&scaron;nji predsjednik SCG Svetozar Marovi\u0107 odbio je predlog da nasledi \u0110ukanovi\u0107a na funkciji premijera.<\/p>\n<p>Vujanovi\u0107 je ocijenio da je &quot;bilo prirodno&quot; da Marovi\u0107, kao potpredsjednik stranke, naslijedi \u0110ukanovi\u0107a.<\/p>\n<p>Me\u0111utim, prema njegovim rije\u010dima, i Marovi\u0107 se opredijelio da se povu\u010de sa dr\u017eavnih i ostane na partijskoj du\u017enosti.<\/p>\n<p>Vujanovi\u0107, koji predla\u017ee mandatara za sastav nove crnogorske vlade, nije \u017eelio da spekuli&scaron;e imenima kandidata o kojima razmi&scaron;lja, ali je kazao da \u0107e Glavni odbor vladaju\u0107e DPS u \u010detvrtak 5. oktobra, imati usagla&scaron;en predlog za mandatara.<\/p>\n<p>Upitan da prokomentari&scaron;e pominjanje ministra finansija Igora Luk&scaron;i\u0107a kao mogu\u0107eg mandatara, Vujanovi\u0107 je kazao da ne \u017eeli da spekuli&scaron;e imenima.<\/p>\n<p>&quot;Mi \u0107emo izvjesno iza\u0107i sa prijedlogom koji \u0107e biti usagla&scaron;en. Vidio sam spekulaciju da je sada&scaron;nji premijer predlo\u017eio jedno ime, a Marovi\u0107 drugo, &scaron;to je u duhu dezinformacija koje \u017eele da se prika\u017ee da u okviru DPS-a vlada odnos razli\u010ditih vi\u0111enja&quot;, naveo je on. <\/p>\n<p>Vujanovi\u0107 je rekao da je vrh DPS uvijek funkcionisao na bazi dogovora.<\/p>\n<p>&quot;Nikada nijesmo funkcionisali mimo potrebe da se dogovorimo i uvijek smo tome davali prednost&quot;, istakao je Vujanovi\u0107.<\/p>\n<p>On je rekao da \u0110ukanovi\u0107 nigdje ne odlazi iz Crne Gore i da \u0107e sa polo\u017eaja predsjednika DPS dati doprinos razvoju Crne Gore.<\/p>\n<p>&quot;Najva\u017enije je da dobije Crna Gora. Ona \u0107e svakao dobiti, a mi \u0107emo ostati tim koji \u0107e praviti ono &scaron;to je dobra projekcija Crne Gore&quot;, istakao je Vujanovi\u0107.<\/p>\n","protected":false},"excerpt":{"rendered":"<p>Predsjednik Demokratske partije socijalista Milo \u0110ukanovi\u0107 rekao je ostalim funkcionerima stranke da ne\u0107e ostati premijer u novom mandatu, potvrdio je danas predsjednik Crne Gore Filip Vujanovi\u0107.<\/p>\n","protected":false},"author":1,"featured_media":0,"comment_status":"open","ping_status":"closed","sticky":false,"template":"","format":"standard","meta":{"_seopress_robots_primary_cat":"","_seopress_titles_title":"","_seopress_titles_desc":"","_seopress_robots_index":"","_et_pb_use_builder":"","_et_pb_old_content":"","_et_gb_content_width":"","inline_featured_image":false,"footnotes":""},"categories":[14],"tags":[],"class_list":["post-15495","post","type-post","status-publish","format-standard","hentry","category-vijesti"],"_links":{"self":[{"href":"https:\/\/www.pcnen.com\/portal\/wp-json\/wp\/v2\/posts\/15495","targetHints":{"allow":["GET"]}}],"collection":[{"href":"https:\/\/www.pcnen.com\/portal\/wp-json\/wp\/v2\/posts"}],"about":[{"href":"https:\/\/www.pcnen.com\/portal\/wp-json\/wp\/v2\/types\/post"}],"author":[{"embeddable":true,"href":"https:\/\/www.pcnen.com\/portal\/wp-json\/wp\/v2\/users\/1"}],"replies":[{"embeddable":true,"href":"https:\/\/www.pcnen.com\/portal\/wp-json\/wp\/v2\/comments?post=15495"}],"version-history":[{"count":0,"href":"https:\/\/www.pcnen.com\/portal\/wp-json\/wp\/v2\/posts\/15495\/revisions"}],"wp:attachment":[{"href":"https:\/\/www.pcnen.com\/portal\/wp-json\/wp\/v2\/media?parent=15495"}],"wp:term":[{"taxonomy":"category","embeddable":true,"href":"https:\/\/www.pcnen.com\/portal\/wp-json\/wp\/v2\/categories?post=15495"},{"taxonomy":"post_tag","embeddable":true,"href":"https:\/\/www.pcnen.com\/portal\/wp-json\/wp\/v2\/tags?post=15495"}],"curies":[{"name":"wp","href":"https:\/\/api.w.org\/{rel}","templated":true}]}}