{"id":137152,"date":"2014-02-07T10:02:25","date_gmt":"2014-02-07T09:02:25","guid":{"rendered":"http:\/\/www.pcnen.com\/portal\/?p=137152"},"modified":"2014-02-07T10:02:25","modified_gmt":"2014-02-07T09:02:25","slug":"sin-i-otac-franovici-savjetuju-predsjednika-opstine-bar","status":"publish","type":"post","link":"https:\/\/www.pcnen.com\/portal\/2014\/02\/07\/sin-i-otac-franovici-savjetuju-predsjednika-opstine-bar\/","title":{"rendered":"Sin i otac Franovi\u0107i savjetuju predsjednika op\u0161tine Bar"},"content":{"rendered":"<p>Predsjednik op\u0161tine Bar \u017darko Pavi\u0107evi\u0107 je, bez konkursa, zaposlio u op\u0161tini biv\u0161eg direktora \u017deljezni\u010dke infrastrukture Zariju Franovi\u0107a i njegovog sina Milo\u0161a i imenovao ih za savjetnike za ekonomska pitanja, objavio je podgori\u010dki Dan.<\/p>\n<p>Zvani\u010dno je potvr\u0111eno da Franovi\u0107i rade u Op\u0161tini na osnovu sporazuma o preuzimanju radnika iz \u017deljezni\u010dke infrastrukture Crne Gore AD Podgorica.<\/p>\n<p>Dok je bio pomo\u0107nik finansijskog direktora \u017deljezni\u010dke infrastructure, Franovi\u0107 junior je ka\u017enjen pet odsto junske plate, zbog toga \u0161to sedmicama nije dolazio na posao.<\/p>\n<p>&nbsp;<\/p>\n","protected":false},"excerpt":{"rendered":"<p>Predsjednik op\u0161tine Bar \u017darko Pavi\u0107evi\u0107 je, bez konkursa, zaposlio u op\u0161tini biv\u0161eg direktora \u017deljezni\u010dke infrastrukture Zariju Franovi\u0107a i njegovog sina Milo\u0161a i imenovao ih za savjetnike za ekonomska pitanja, objavio je podgori\u010dki Dan.<\/p>\n","protected":false},"author":1,"featured_media":0,"comment_status":"open","ping_status":"closed","sticky":false,"template":"","format":"standard","meta":{"_seopress_robots_primary_cat":"","_seopress_titles_title":"","_seopress_titles_desc":"","_seopress_robots_index":"","_et_pb_use_builder":"","_et_pb_old_content":"","_et_gb_content_width":"","inline_featured_image":false,"footnotes":""},"categories":[14],"tags":[],"class_list":["post-137152","post","type-post","status-publish","format-standard","hentry","category-vijesti"],"_links":{"self":[{"href":"https:\/\/www.pcnen.com\/portal\/wp-json\/wp\/v2\/posts\/137152","targetHints":{"allow":["GET"]}}],"collection":[{"href":"https:\/\/www.pcnen.com\/portal\/wp-json\/wp\/v2\/posts"}],"about":[{"href":"https:\/\/www.pcnen.com\/portal\/wp-json\/wp\/v2\/types\/post"}],"author":[{"embeddable":true,"href":"https:\/\/www.pcnen.com\/portal\/wp-json\/wp\/v2\/users\/1"}],"replies":[{"embeddable":true,"href":"https:\/\/www.pcnen.com\/portal\/wp-json\/wp\/v2\/comments?post=137152"}],"version-history":[{"count":0,"href":"https:\/\/www.pcnen.com\/portal\/wp-json\/wp\/v2\/posts\/137152\/revisions"}],"wp:attachment":[{"href":"https:\/\/www.pcnen.com\/portal\/wp-json\/wp\/v2\/media?parent=137152"}],"wp:term":[{"taxonomy":"category","embeddable":true,"href":"https:\/\/www.pcnen.com\/portal\/wp-json\/wp\/v2\/categories?post=137152"},{"taxonomy":"post_tag","embeddable":true,"href":"https:\/\/www.pcnen.com\/portal\/wp-json\/wp\/v2\/tags?post=137152"}],"curies":[{"name":"wp","href":"https:\/\/api.w.org\/{rel}","templated":true}]}}