{"id":137110,"date":"2014-02-06T21:24:11","date_gmt":"2014-02-06T20:24:11","guid":{"rendered":"http:\/\/www.pcnen.com\/portal\/?p=137110"},"modified":"2014-02-06T23:35:43","modified_gmt":"2014-02-06T22:35:43","slug":"letjelo-perje-u-vladi-crne-gore","status":"publish","type":"post","link":"https:\/\/www.pcnen.com\/portal\/2014\/02\/06\/letjelo-perje-u-vladi-crne-gore\/","title":{"rendered":"Letjelo perje u Vladi Crne Gore"},"content":{"rendered":"<p>Ministar poljoprivrede Crne Gore Predrag Ivanovi\u0107 bacao je danas perje u sali Vlade, ljut zbog pisanja Vijesti o broju zaposlenih u poljoprivredi.<\/p>\n<p>Ministar je na taj do sada nezabilje\u017een na\u010din, poku\u0161ao da negira objavljene informacije.<\/p>\n<p>Dnevnik Vijesti objavio je danas da je u poljoprivredi u Crnoj Gori na kraju pro\u0161le godine bilo zaposleno oko 2.500 radnika, 113 manje nego 2012. godine, podsje\u0107a Beta.<\/p>\n<p>Podgori\u010dki dnevnik se pozvao na podatke dr\u017eavnog zavoda za statistiku &#8211; Monstata, koji negira navode ministra da je broj zaposlenih pro\u0161le godine, od kada je on preuzeo resor poljoprivrede, porastao za 1.080.<\/p>\n<p>Bacaju\u0107i po konferencijskoj sali perje koje je donio u kesi, ministar je kazao da mu &#8220;podme\u0107u kukavi\u010dje jaje&#8221; i &#8220;mu\u0107ak&#8221;.<\/p>\n<p>Ivanovi\u0107 je kazao da je jutros, po objavljenoj informaciji podgori\u010dkog dnevnika pozvao nekoliko firmi, poljoprivrednih proizva\u0111a\u010da, i da je saznao da samo dvije od 14 firmi zapo\u0161ljavaju 1.250 radnika \u0161to je polovina ukupnog broja kojim raspola\u017ee zvani\u010dna statistika.<\/p>\n<p>Taj podatak je, po mi\u0161ljenju ministra, dovoljan da negira informacije zvani\u010dne statistike i dnevnika koji se na nju pozvao.<\/p>\n","protected":false},"excerpt":{"rendered":"<p>Ministar poljoprivrede Crne Gore Predrag Ivanovi\u0107 bacao je danas perje u sali Vlade, ljut zbog pisanja Vijesti o broju zaposlenih u poljoprivredi. Ministar je na taj do sada nezabilje\u017een na\u010din, poku\u0161ao da negira objavljene informacije. Dnevnik Vijesti objavio je danas da je u poljoprivredi u Crnoj Gori na kraju pro\u0161le godine bilo zaposleno oko 2.500 [&hellip;]<\/p>\n","protected":false},"author":1,"featured_media":0,"comment_status":"open","ping_status":"closed","sticky":false,"template":"","format":"standard","meta":{"_seopress_robots_primary_cat":"","_seopress_titles_title":"","_seopress_titles_desc":"","_seopress_robots_index":"","_et_pb_use_builder":"","_et_pb_old_content":"","_et_gb_content_width":"","inline_featured_image":false,"footnotes":""},"categories":[14],"tags":[],"class_list":["post-137110","post","type-post","status-publish","format-standard","hentry","category-vijesti"],"_links":{"self":[{"href":"https:\/\/www.pcnen.com\/portal\/wp-json\/wp\/v2\/posts\/137110","targetHints":{"allow":["GET"]}}],"collection":[{"href":"https:\/\/www.pcnen.com\/portal\/wp-json\/wp\/v2\/posts"}],"about":[{"href":"https:\/\/www.pcnen.com\/portal\/wp-json\/wp\/v2\/types\/post"}],"author":[{"embeddable":true,"href":"https:\/\/www.pcnen.com\/portal\/wp-json\/wp\/v2\/users\/1"}],"replies":[{"embeddable":true,"href":"https:\/\/www.pcnen.com\/portal\/wp-json\/wp\/v2\/comments?post=137110"}],"version-history":[{"count":0,"href":"https:\/\/www.pcnen.com\/portal\/wp-json\/wp\/v2\/posts\/137110\/revisions"}],"wp:attachment":[{"href":"https:\/\/www.pcnen.com\/portal\/wp-json\/wp\/v2\/media?parent=137110"}],"wp:term":[{"taxonomy":"category","embeddable":true,"href":"https:\/\/www.pcnen.com\/portal\/wp-json\/wp\/v2\/categories?post=137110"},{"taxonomy":"post_tag","embeddable":true,"href":"https:\/\/www.pcnen.com\/portal\/wp-json\/wp\/v2\/tags?post=137110"}],"curies":[{"name":"wp","href":"https:\/\/api.w.org\/{rel}","templated":true}]}}