{"id":137104,"date":"2014-02-06T21:14:50","date_gmt":"2014-02-06T20:14:50","guid":{"rendered":"http:\/\/www.pcnen.com\/portal\/?p=137104"},"modified":"2014-02-06T21:14:50","modified_gmt":"2014-02-06T20:14:50","slug":"tuzla-u-protestima-povrijedena-102-policajca-i-28-civila","status":"publish","type":"post","link":"https:\/\/www.pcnen.com\/portal\/2014\/02\/06\/tuzla-u-protestima-povrijedena-102-policajca-i-28-civila\/","title":{"rendered":"Tuzla: U protestima povrije\u0111ena 102 policajca i 28 civila"},"content":{"rendered":"<p>U Slu\u017ebu hitne medicinske pomo\u0107i Tuzla do 20 sati primljena su 102 policajaca koji su zadobili lake i te\u0161ke povrede tokom<a title=\"Protesti u Tuzli nastavljeni, solidari\u0161u se i drugi gradovi\" href=\"http:\/\/www.pcnen.com\/portal\/2014\/02\/06\/protesti-u-tuzli-nastavljeni-solidarisu-se-i-drugi-gradovi\/\"> dana\u0161njeg protesta<\/a>, kazao je \u00a0Feni Adis Ni\u0161i\u0107, portparolka Doma zdravlja Tuzla.<\/p>\n<p>On je kazao da se radi o te\u0161kim povredama, konturama, prelomima, te su neki policajci preba\u010deni i na Univerzitetski klini\u010dki centar Tuzla.<\/p>\n<p>U Hitnoj slu\u017ebi primljeno je i 28 civila s lak\u0161im povredama.<\/p>\n<p>Ni\u0161i\u0107 je dodao da se kod ostalih koji su primljeni u Slu\u017ebu hitne pomo\u0107i radi o lak\u0161im povredama koje su nastale usljed bacanja suzavca ili udaraca tvrdim predmetom.<\/p>\n","protected":false},"excerpt":{"rendered":"<p>U Slu\u017ebu hitne medicinske pomo\u0107i Tuzla do 20 sati primljena su 102 policajaca koji su zadobili lake i te\u0161ke povrede tokom dana\u0161njeg protesta, kazao je \u00a0Feni Adis Ni\u0161i\u0107, portparolka Doma zdravlja Tuzla. On je kazao da se radi o te\u0161kim povredama, konturama, prelomima, te su neki policajci preba\u010deni i na Univerzitetski klini\u010dki centar Tuzla. U [&hellip;]<\/p>\n","protected":false},"author":1,"featured_media":0,"comment_status":"open","ping_status":"closed","sticky":false,"template":"","format":"standard","meta":{"_seopress_robots_primary_cat":"","_seopress_titles_title":"","_seopress_titles_desc":"","_seopress_robots_index":"","_et_pb_use_builder":"","_et_pb_old_content":"","_et_gb_content_width":"","inline_featured_image":false,"footnotes":""},"categories":[14],"tags":[],"class_list":["post-137104","post","type-post","status-publish","format-standard","hentry","category-vijesti"],"_links":{"self":[{"href":"https:\/\/www.pcnen.com\/portal\/wp-json\/wp\/v2\/posts\/137104","targetHints":{"allow":["GET"]}}],"collection":[{"href":"https:\/\/www.pcnen.com\/portal\/wp-json\/wp\/v2\/posts"}],"about":[{"href":"https:\/\/www.pcnen.com\/portal\/wp-json\/wp\/v2\/types\/post"}],"author":[{"embeddable":true,"href":"https:\/\/www.pcnen.com\/portal\/wp-json\/wp\/v2\/users\/1"}],"replies":[{"embeddable":true,"href":"https:\/\/www.pcnen.com\/portal\/wp-json\/wp\/v2\/comments?post=137104"}],"version-history":[{"count":0,"href":"https:\/\/www.pcnen.com\/portal\/wp-json\/wp\/v2\/posts\/137104\/revisions"}],"wp:attachment":[{"href":"https:\/\/www.pcnen.com\/portal\/wp-json\/wp\/v2\/media?parent=137104"}],"wp:term":[{"taxonomy":"category","embeddable":true,"href":"https:\/\/www.pcnen.com\/portal\/wp-json\/wp\/v2\/categories?post=137104"},{"taxonomy":"post_tag","embeddable":true,"href":"https:\/\/www.pcnen.com\/portal\/wp-json\/wp\/v2\/tags?post=137104"}],"curies":[{"name":"wp","href":"https:\/\/api.w.org\/{rel}","templated":true}]}}