{"id":137101,"date":"2014-02-06T17:14:24","date_gmt":"2014-02-06T16:14:24","guid":{"rendered":"http:\/\/www.pcnen.com\/portal\/?p=137101"},"modified":"2014-02-06T17:14:24","modified_gmt":"2014-02-06T16:14:24","slug":"protesti-u-tuzli-nastavljeni-solidarisu-se-i-drugi-gradovi","status":"publish","type":"post","link":"https:\/\/www.pcnen.com\/portal\/2014\/02\/06\/protesti-u-tuzli-nastavljeni-solidarisu-se-i-drugi-gradovi\/","title":{"rendered":"Protesti u Tuzli nastavljeni, solidari\u0161u se i drugi gradovi"},"content":{"rendered":"<p>Protesti u Tuzli i danas su nastavljeni ispred zgrade Vlade Tuzlanskog kantona na koju se demonstanti bacali kamenje i jaja. Ogor\u010deni ju\u010dera\u0161njom upotrebom sile od strane policije nad demonstrantima, tra\u017ee ostavku kanntonalne vlade.<\/p>\n<p>Gra\u0111ani BiH su na nogama. Protesti koji su zapo\u010deli u Tuzli pro\u0161irili su se na Sarajevo, Zenicu i Biha\u0107. Na ulicama su hiljade ljudi, prenosi lokalni online medij. Ljudi se bune protiv lokalnih vlasti. Zamjeraju im bijedu i neima\u0161tinu, te\u0161ko socijalno stanje u kojem su prisiljeni \u017eivjeti. Krivca za takvu situaciju vide u korumpiranoj i nesposobnoj dr\u017eavi.<\/p>\n<p>Na podru\u010dju Tulzanskog kantona vi\u0161e je od 100.000 nezaposlenih.<\/p>\n","protected":false},"excerpt":{"rendered":"<p>Protesti u Tuzli i danas su nastavljeni ispred zgrade Vlade Tuzlanskog kantona na koju se demonstanti bacali kamenje i jaja. Ogor\u010deni ju\u010dera\u0161njom upotrebom sile od strane policije nad demonstrantima, tra\u017ee ostavku kanntonalne vlade.<\/p>\n","protected":false},"author":1,"featured_media":0,"comment_status":"open","ping_status":"closed","sticky":false,"template":"","format":"standard","meta":{"_seopress_robots_primary_cat":"","_seopress_titles_title":"","_seopress_titles_desc":"","_seopress_robots_index":"","_et_pb_use_builder":"","_et_pb_old_content":"","_et_gb_content_width":"","inline_featured_image":false,"footnotes":""},"categories":[14],"tags":[],"class_list":["post-137101","post","type-post","status-publish","format-standard","hentry","category-vijesti"],"_links":{"self":[{"href":"https:\/\/www.pcnen.com\/portal\/wp-json\/wp\/v2\/posts\/137101","targetHints":{"allow":["GET"]}}],"collection":[{"href":"https:\/\/www.pcnen.com\/portal\/wp-json\/wp\/v2\/posts"}],"about":[{"href":"https:\/\/www.pcnen.com\/portal\/wp-json\/wp\/v2\/types\/post"}],"author":[{"embeddable":true,"href":"https:\/\/www.pcnen.com\/portal\/wp-json\/wp\/v2\/users\/1"}],"replies":[{"embeddable":true,"href":"https:\/\/www.pcnen.com\/portal\/wp-json\/wp\/v2\/comments?post=137101"}],"version-history":[{"count":0,"href":"https:\/\/www.pcnen.com\/portal\/wp-json\/wp\/v2\/posts\/137101\/revisions"}],"wp:attachment":[{"href":"https:\/\/www.pcnen.com\/portal\/wp-json\/wp\/v2\/media?parent=137101"}],"wp:term":[{"taxonomy":"category","embeddable":true,"href":"https:\/\/www.pcnen.com\/portal\/wp-json\/wp\/v2\/categories?post=137101"},{"taxonomy":"post_tag","embeddable":true,"href":"https:\/\/www.pcnen.com\/portal\/wp-json\/wp\/v2\/tags?post=137101"}],"curies":[{"name":"wp","href":"https:\/\/api.w.org\/{rel}","templated":true}]}}