{"id":137092,"date":"2014-02-06T16:32:08","date_gmt":"2014-02-06T15:32:08","guid":{"rendered":"http:\/\/www.pcnen.com\/portal\/?p=137092"},"modified":"2014-02-06T16:32:08","modified_gmt":"2014-02-06T15:32:08","slug":"lgbt-forum-progres-protestovao-zbog-neprofesionalnosti-glavnog-prosvjetnog-inspektora","status":"publish","type":"post","link":"https:\/\/www.pcnen.com\/portal\/2014\/02\/06\/lgbt-forum-progres-protestovao-zbog-neprofesionalnosti-glavnog-prosvjetnog-inspektora\/","title":{"rendered":"LGBT Forum Progres protestovao zbog neprofesionalnosti glavnog prosvjetnog inspektora"},"content":{"rendered":"<p>LGBT Forum Progres uputio je danas protest ministru prosvjete Slavoljubu Stijepovi\u0107u zbog neprofesionalnosti jednog od njegovih najbli\u017eih saradnika, dr Miomira An\u0111i\u0107a, glavnog prosvjetnog inspektora.<\/p>\n<p>\u201cVe\u0107 sedmicama obe\u0107ava dostavljanje izvje\u0161taja o inspekcijskom nadzoru, a poslednjih dana se uop\u0161te i ne javlja na telefon. Nije pomoglo ni ostavljanje slu\u017ebenih poruka kod kolega u Odjeljenju prosvjetne inspekcije Ministarstva prosvjete. Ovo je i neodgovoran odnos prema gra\u0111anima koji u\u010destvuju u pla\u0107anju tro\u0161kova upotrebe telefona u slu\u017ebene svrhe. Mislimo da je njegov pristup krajnje neodgovoran i da prijeti da uru\u0161i, u potpunosti, uspostavljeni sistem za\u0161tite od diskriminacije\u201d, ocijenjio je LGBT Forum Progres u saop\u0161tenju za javnost.<\/p>\n<p>LGBT Forum Progres o\u010dekuje da ministar Stijepovi\u0107a \u201cpreispita na\u010din rada, pristup i nivo profesionalizma glavnog prosvjetnog inspektora\u201d.<\/p>\n<p>LGBT Forum Progres podsje\u0107a na to da je 19. decembra lani podnio pritu\u017ebu ministru prosvjete zbog postojanja diskriminacije, po osnovu seksualne orijentacije, u gimnaziji u Baru.<\/p>\n","protected":false},"excerpt":{"rendered":"<p>LGBT Forum Progres uputio je danas protest ministru prosvjete Slavoljubu Stijepovi\u0107u zbog neprofesionalnosti jednog od njegovih najbli\u017eih saradnika, dr Miomira An\u0111i\u0107a, glavnog prosvjetnog inspektora.<\/p>\n","protected":false},"author":1,"featured_media":0,"comment_status":"open","ping_status":"closed","sticky":false,"template":"","format":"standard","meta":{"_seopress_robots_primary_cat":"","_seopress_titles_title":"","_seopress_titles_desc":"","_seopress_robots_index":"","_et_pb_use_builder":"","_et_pb_old_content":"","_et_gb_content_width":"","inline_featured_image":false,"footnotes":""},"categories":[14],"tags":[],"class_list":["post-137092","post","type-post","status-publish","format-standard","hentry","category-vijesti"],"_links":{"self":[{"href":"https:\/\/www.pcnen.com\/portal\/wp-json\/wp\/v2\/posts\/137092","targetHints":{"allow":["GET"]}}],"collection":[{"href":"https:\/\/www.pcnen.com\/portal\/wp-json\/wp\/v2\/posts"}],"about":[{"href":"https:\/\/www.pcnen.com\/portal\/wp-json\/wp\/v2\/types\/post"}],"author":[{"embeddable":true,"href":"https:\/\/www.pcnen.com\/portal\/wp-json\/wp\/v2\/users\/1"}],"replies":[{"embeddable":true,"href":"https:\/\/www.pcnen.com\/portal\/wp-json\/wp\/v2\/comments?post=137092"}],"version-history":[{"count":0,"href":"https:\/\/www.pcnen.com\/portal\/wp-json\/wp\/v2\/posts\/137092\/revisions"}],"wp:attachment":[{"href":"https:\/\/www.pcnen.com\/portal\/wp-json\/wp\/v2\/media?parent=137092"}],"wp:term":[{"taxonomy":"category","embeddable":true,"href":"https:\/\/www.pcnen.com\/portal\/wp-json\/wp\/v2\/categories?post=137092"},{"taxonomy":"post_tag","embeddable":true,"href":"https:\/\/www.pcnen.com\/portal\/wp-json\/wp\/v2\/tags?post=137092"}],"curies":[{"name":"wp","href":"https:\/\/api.w.org\/{rel}","templated":true}]}}