{"id":137089,"date":"2014-02-06T16:09:48","date_gmt":"2014-02-06T15:09:48","guid":{"rendered":"http:\/\/www.pcnen.com\/portal\/?p=137089"},"modified":"2014-02-06T16:09:48","modified_gmt":"2014-02-06T15:09:48","slug":"ep-trazi-ustavne-promjene-u-bih","status":"publish","type":"post","link":"https:\/\/www.pcnen.com\/portal\/2014\/02\/06\/ep-trazi-ustavne-promjene-u-bih\/","title":{"rendered":"EP tra\u017ei ustavne promjene u BiH"},"content":{"rendered":"<p>Evropski parlament je usvojio danas rezoluciju o Bosni i Hercegovini u kojoj tra\u017ei ustavne i institucionalne promjene u toj dr\u017eavi da bi ona postala funkcionalnija i da bi se osigurala ravnopravnost njenih konstitutivnih naroda.<\/p>\n<p>Za rezoluciju je glasalo 468 poslanika, protiv je bilo 80, uzdr\u017eanih 35, a u pravno neobavezuju\u0107em tekstu, koji predstavlja jasnu politi\u010dku poruku, ka\u017ee se da je ustavna reforma &#8220;klju\u010dna za transformaciju BiH u efikasnu i u potpunosti funkcionalnu dr\u017eavu&#8221;, prenosi Tanjug.<\/p>\n<p>Na tekst rezolucije veliki uticaj su imali hrvatski poslanici, koji su podnijeli veliki broj amandmana, a Tonino Picula je nakon usvajanja rezolucije izjavio da je nakon skoro 20 godina od potpisivanja Dejtonskog mirovnog ugovora, kojim je zavr\u0161en rat, jasno da sistem koji je tada uspostavljen &#8220;dr\u017ei za taoca evropsku budu\u0107nost te zemlje&#8221;.<\/p>\n","protected":false},"excerpt":{"rendered":"<p>Evropski parlament je usvojio danas rezoluciju o Bosni i Hercegovini u kojoj tra\u017ei ustavne i institucionalne promjene u toj dr\u017eavi da bi ona postala funkcionalnija i da bi se osigurala ravnopravnost njenih konstitutivnih naroda.<\/p>\n","protected":false},"author":1,"featured_media":0,"comment_status":"open","ping_status":"closed","sticky":false,"template":"","format":"standard","meta":{"_seopress_robots_primary_cat":"","_seopress_titles_title":"","_seopress_titles_desc":"","_seopress_robots_index":"","_et_pb_use_builder":"","_et_pb_old_content":"","_et_gb_content_width":"","inline_featured_image":false,"footnotes":""},"categories":[14],"tags":[],"class_list":["post-137089","post","type-post","status-publish","format-standard","hentry","category-vijesti"],"_links":{"self":[{"href":"https:\/\/www.pcnen.com\/portal\/wp-json\/wp\/v2\/posts\/137089","targetHints":{"allow":["GET"]}}],"collection":[{"href":"https:\/\/www.pcnen.com\/portal\/wp-json\/wp\/v2\/posts"}],"about":[{"href":"https:\/\/www.pcnen.com\/portal\/wp-json\/wp\/v2\/types\/post"}],"author":[{"embeddable":true,"href":"https:\/\/www.pcnen.com\/portal\/wp-json\/wp\/v2\/users\/1"}],"replies":[{"embeddable":true,"href":"https:\/\/www.pcnen.com\/portal\/wp-json\/wp\/v2\/comments?post=137089"}],"version-history":[{"count":0,"href":"https:\/\/www.pcnen.com\/portal\/wp-json\/wp\/v2\/posts\/137089\/revisions"}],"wp:attachment":[{"href":"https:\/\/www.pcnen.com\/portal\/wp-json\/wp\/v2\/media?parent=137089"}],"wp:term":[{"taxonomy":"category","embeddable":true,"href":"https:\/\/www.pcnen.com\/portal\/wp-json\/wp\/v2\/categories?post=137089"},{"taxonomy":"post_tag","embeddable":true,"href":"https:\/\/www.pcnen.com\/portal\/wp-json\/wp\/v2\/tags?post=137089"}],"curies":[{"name":"wp","href":"https:\/\/api.w.org\/{rel}","templated":true}]}}