{"id":137087,"date":"2014-02-06T16:08:54","date_gmt":"2014-02-06T15:08:54","guid":{"rendered":"http:\/\/www.pcnen.com\/portal\/?p=137087"},"modified":"2014-02-06T16:08:54","modified_gmt":"2014-02-06T15:08:54","slug":"ep-podrzao-nastavak-pregovora-sa-crnom-gorom","status":"publish","type":"post","link":"https:\/\/www.pcnen.com\/portal\/2014\/02\/06\/ep-podrzao-nastavak-pregovora-sa-crnom-gorom\/","title":{"rendered":"EP podr\u017eao nastavak pregovora sa Crnom Gorom"},"content":{"rendered":"<p>Evropski parlament je danas podr\u017eao nastavak pregovora s Crnom Gorom. Poslanici su na plenarnoj sjednici u Strazburu ve\u0107inom glasova prihvatili rezolucije o napretku Crne Gore i Makedonije.<\/p>\n<p>U rezoluciji za Crnu Goru podr\u017eava se napredak u pristupnim pregovorima, ali i izra\u017eava zabrinutost zbog napada i zastra\u0161ivanja novinara, koji se u posljednje vrijeme doga\u0111aju u toj zemlji. Tako\u0111e se tra\u017ee ve\u0107i napori na suzbijanju korupcije i organizovanog kriminala.<\/p>\n<p>Od Savjeta Evropske unije EP je zatra\u017eio da \u0161to prije odredi po\u010detak pristupnih pregovora s Makedonijom.<\/p>\n<p>Poslanici su istakli da bilateralna pitanja Makedonije sa Gr\u010dkom i Bugarskom treba da se rje\u0161avaju u okviru procesa pristupanja.<\/p>\n<p>&nbsp;<\/p>\n","protected":false},"excerpt":{"rendered":"<p>U rezoluciji za Crnu Goru, Evropski parlament podr\u017eava napredak u pristupnim pregovorima, ali i izra\u017eava zabrinutost zbog napada i zastra\u0161ivanja novinara, koji se u posljednje vrijeme doga\u0111aju u toj zemlji. Tako\u0111e se tra\u017ee ve\u0107i napori na suzbijanju korupcije i organizovanog kriminala.<\/p>\n","protected":false},"author":1,"featured_media":0,"comment_status":"open","ping_status":"closed","sticky":false,"template":"","format":"standard","meta":{"_seopress_robots_primary_cat":"","_seopress_titles_title":"","_seopress_titles_desc":"","_seopress_robots_index":"","_et_pb_use_builder":"","_et_pb_old_content":"","_et_gb_content_width":"","inline_featured_image":false,"footnotes":""},"categories":[14],"tags":[],"class_list":["post-137087","post","type-post","status-publish","format-standard","hentry","category-vijesti"],"_links":{"self":[{"href":"https:\/\/www.pcnen.com\/portal\/wp-json\/wp\/v2\/posts\/137087","targetHints":{"allow":["GET"]}}],"collection":[{"href":"https:\/\/www.pcnen.com\/portal\/wp-json\/wp\/v2\/posts"}],"about":[{"href":"https:\/\/www.pcnen.com\/portal\/wp-json\/wp\/v2\/types\/post"}],"author":[{"embeddable":true,"href":"https:\/\/www.pcnen.com\/portal\/wp-json\/wp\/v2\/users\/1"}],"replies":[{"embeddable":true,"href":"https:\/\/www.pcnen.com\/portal\/wp-json\/wp\/v2\/comments?post=137087"}],"version-history":[{"count":0,"href":"https:\/\/www.pcnen.com\/portal\/wp-json\/wp\/v2\/posts\/137087\/revisions"}],"wp:attachment":[{"href":"https:\/\/www.pcnen.com\/portal\/wp-json\/wp\/v2\/media?parent=137087"}],"wp:term":[{"taxonomy":"category","embeddable":true,"href":"https:\/\/www.pcnen.com\/portal\/wp-json\/wp\/v2\/categories?post=137087"},{"taxonomy":"post_tag","embeddable":true,"href":"https:\/\/www.pcnen.com\/portal\/wp-json\/wp\/v2\/tags?post=137087"}],"curies":[{"name":"wp","href":"https:\/\/api.w.org\/{rel}","templated":true}]}}