{"id":137083,"date":"2014-02-06T15:10:27","date_gmt":"2014-02-06T14:10:27","guid":{"rendered":"http:\/\/www.pcnen.com\/portal\/?p=137083"},"modified":"2014-02-06T15:10:27","modified_gmt":"2014-02-06T14:10:27","slug":"lange-uskoro-u-crnu-goru-stizu-ekspertski-timovi","status":"publish","type":"post","link":"https:\/\/www.pcnen.com\/portal\/2014\/02\/06\/lange-uskoro-u-crnu-goru-stizu-ekspertski-timovi\/","title":{"rendered":"Lange: Uskoro u Crnu Goru sti\u017eu ekspertski timovi"},"content":{"rendered":"<p>\u0160ef jedinice za Crnu Goru u Generalnom direktoratu za pro\u0161irenje Evropske komisije Dirk Lange je najavio danas da \u0107e u nekoliko narednih mjeseci u Crnu Goru do\u0107i nekoliko ekspertskih timova koji \u0107e procjenjivati napredak u u oblastima borbe protiv korupcije, po\u0161tovanja osnovnih ljudskih prava i upravljanja granicom.<\/p>\n<p>Ocjene eksperata, kako je prenio radio Antena M, na\u0107i \u0107e se u narednom izvje\u0161taju o napretku koji \u0107e biti objavljen u oktobru ove godine.<\/p>\n<p>Lange je ovo izjavio nakon sastanka Pododbora za pravdu, slobodu i bezbjednost izme\u0111u Crne Gore i Evropske komisije.<\/p>\n","protected":false},"excerpt":{"rendered":"<p>\u0160ef jedinice za Crnu Goru u Generalnom direktoratu za pro\u0161irenje Evropske komisije Dirk Lange je najavio danas da \u0107e u nekoliko narednih mjeseci u Crnu Goru do\u0107i nekoliko ekspertskih timova koji \u0107e procjenjivati napredak u u oblastima borbe protiv korupcije, po\u0161tovanja osnovnih ljudskih prava i upravljanja granicom.<\/p>\n","protected":false},"author":1,"featured_media":0,"comment_status":"open","ping_status":"closed","sticky":false,"template":"","format":"standard","meta":{"_seopress_robots_primary_cat":"","_seopress_titles_title":"","_seopress_titles_desc":"","_seopress_robots_index":"","_et_pb_use_builder":"","_et_pb_old_content":"","_et_gb_content_width":"","inline_featured_image":false,"footnotes":""},"categories":[14],"tags":[],"class_list":["post-137083","post","type-post","status-publish","format-standard","hentry","category-vijesti"],"_links":{"self":[{"href":"https:\/\/www.pcnen.com\/portal\/wp-json\/wp\/v2\/posts\/137083","targetHints":{"allow":["GET"]}}],"collection":[{"href":"https:\/\/www.pcnen.com\/portal\/wp-json\/wp\/v2\/posts"}],"about":[{"href":"https:\/\/www.pcnen.com\/portal\/wp-json\/wp\/v2\/types\/post"}],"author":[{"embeddable":true,"href":"https:\/\/www.pcnen.com\/portal\/wp-json\/wp\/v2\/users\/1"}],"replies":[{"embeddable":true,"href":"https:\/\/www.pcnen.com\/portal\/wp-json\/wp\/v2\/comments?post=137083"}],"version-history":[{"count":0,"href":"https:\/\/www.pcnen.com\/portal\/wp-json\/wp\/v2\/posts\/137083\/revisions"}],"wp:attachment":[{"href":"https:\/\/www.pcnen.com\/portal\/wp-json\/wp\/v2\/media?parent=137083"}],"wp:term":[{"taxonomy":"category","embeddable":true,"href":"https:\/\/www.pcnen.com\/portal\/wp-json\/wp\/v2\/categories?post=137083"},{"taxonomy":"post_tag","embeddable":true,"href":"https:\/\/www.pcnen.com\/portal\/wp-json\/wp\/v2\/tags?post=137083"}],"curies":[{"name":"wp","href":"https:\/\/api.w.org\/{rel}","templated":true}]}}