{"id":137066,"date":"2014-02-06T10:34:31","date_gmt":"2014-02-06T09:34:31","guid":{"rendered":"http:\/\/www.pcnen.com\/portal\/?p=137066"},"modified":"2014-02-06T10:36:56","modified_gmt":"2014-02-06T09:36:56","slug":"bakovic-vise-od-300-djece-prosi-na-ulici","status":"publish","type":"post","link":"https:\/\/www.pcnen.com\/portal\/2014\/02\/06\/bakovic-vise-od-300-djece-prosi-na-ulici\/","title":{"rendered":"Bakovi\u0107: Vi\u0161e od 300 djece prosi na ulici"},"content":{"rendered":"<p><a href=\"http:\/\/www.pcnen.com\/portal\/wp-content\/uploads\/2012\/06\/prosjacenje_djece.jpg\"><img loading=\"lazy\" decoding=\"async\" class=\"alignleft size-medium wp-image-86000\" title=\"prosjacenje_djece\" src=\"http:\/\/www.pcnen.com\/portal\/wp-content\/uploads\/2012\/06\/prosjacenje_djece-300x225.jpg\" alt=\"\" width=\"300\" height=\"225\" \/><\/a>Vi\u0161e od 300 djece prosi na ulicama crnogorskih gradova, rekao je za Antenu M ombudsman \u0160u\u0107ko Bakovi\u0107 .<\/p>\n<p>Bakovi\u0107 je rekao da\u00a0 bi to \u0161to vi\u0161e 300 djece prosi na crnogorskim ulicama u najmanju ruku trebalo da\u00a0 uznemiri nadle\u017ene i pokrene ih da \u0161to prije iskorijene maloljetni\u010dko prosja\u010denje.<\/p>\n<p>On je kao problem naveo to &#8220;\u0161to ne postoji jedinstvena evidencija od organa unutra\u0161njih poslova i policije koja bi obi\u010dno trebalo da registruje pojavu prosja\u010denja djece i od strane centara i drugih institucija\u201d, i dodao da policija, tu\u017eila\u0161tvo i sudovi raspola\u017eu razli\u010ditim podacima.<\/p>\n<p>&#8220;Osnovni problem je da organi otkrivanja moraju da vode ra\u010duna ko stoji iza toga. Da li je prosja\u010denje u slu\u017ebi ekonomskog iskori\u0161\u0107avanja od starijih. Nije o\u0161trica na djecu, treba kontrolisati roditelje i starije koji \u0161alju djecu u prosija\u010denje&#8221;, poru\u010dio je ombudsman.<\/p>\n<p>&#8220;Problem je i u kontoli granice, prelaska djece iz dr\u017eave u dr\u017eavu&#8221;, ka\u017ee Bakovi\u0107.<\/p>\n<p>Bakovi\u0107 isti\u010de da\u00a0 su istra\u017eivanje, koje je pokazalo da 323 djece prosi, sproveli kroz upitnike i razgovore sve u saradnji sa Upravom policije i centrima za socijalni rad.<\/p>\n","protected":false},"excerpt":{"rendered":"<p>U Crnoj Gori ne postoji jedinstvena evidencija prosja\u010denja djece<\/p>\n","protected":false},"author":1,"featured_media":0,"comment_status":"open","ping_status":"closed","sticky":false,"template":"","format":"standard","meta":{"_seopress_robots_primary_cat":"","_seopress_titles_title":"","_seopress_titles_desc":"","_seopress_robots_index":"","_et_pb_use_builder":"","_et_pb_old_content":"","_et_gb_content_width":"","inline_featured_image":false,"footnotes":""},"categories":[14,12],"tags":[],"class_list":["post-137066","post","type-post","status-publish","format-standard","hentry","category-vijesti","category-prica-dana"],"_links":{"self":[{"href":"https:\/\/www.pcnen.com\/portal\/wp-json\/wp\/v2\/posts\/137066","targetHints":{"allow":["GET"]}}],"collection":[{"href":"https:\/\/www.pcnen.com\/portal\/wp-json\/wp\/v2\/posts"}],"about":[{"href":"https:\/\/www.pcnen.com\/portal\/wp-json\/wp\/v2\/types\/post"}],"author":[{"embeddable":true,"href":"https:\/\/www.pcnen.com\/portal\/wp-json\/wp\/v2\/users\/1"}],"replies":[{"embeddable":true,"href":"https:\/\/www.pcnen.com\/portal\/wp-json\/wp\/v2\/comments?post=137066"}],"version-history":[{"count":0,"href":"https:\/\/www.pcnen.com\/portal\/wp-json\/wp\/v2\/posts\/137066\/revisions"}],"wp:attachment":[{"href":"https:\/\/www.pcnen.com\/portal\/wp-json\/wp\/v2\/media?parent=137066"}],"wp:term":[{"taxonomy":"category","embeddable":true,"href":"https:\/\/www.pcnen.com\/portal\/wp-json\/wp\/v2\/categories?post=137066"},{"taxonomy":"post_tag","embeddable":true,"href":"https:\/\/www.pcnen.com\/portal\/wp-json\/wp\/v2\/tags?post=137066"}],"curies":[{"name":"wp","href":"https:\/\/api.w.org\/{rel}","templated":true}]}}