{"id":137032,"date":"2014-02-05T22:53:13","date_gmt":"2014-02-05T21:53:13","guid":{"rendered":"http:\/\/www.pcnen.com\/portal\/?p=137032"},"modified":"2014-02-05T22:53:13","modified_gmt":"2014-02-05T21:53:13","slug":"okoncani-protesti-u-tuzli-novi-najavljeni-za-12-februar","status":"publish","type":"post","link":"https:\/\/www.pcnen.com\/portal\/2014\/02\/05\/okoncani-protesti-u-tuzli-novi-najavljeni-za-12-februar\/","title":{"rendered":"Okon\u010dani protesti u Tuzli, novi najavljeni za 12. februar"},"content":{"rendered":"<p><a title=\"Sukobi protestanata i policije u Tuzli\" href=\"http:\/\/www.pcnen.com\/portal\/2014\/02\/05\/sukobi-protestanata-i-policije-u-tuzli\/\">Demonstracije<\/a> nezadovoljnih radnika tuzlanskih industrijskih giganata i gra\u0111ana okon\u010dani su ve\u010deras ispred zgrade kantonalne Vlade, gdje su se ranije danas sukobili sa policijom.<\/p>\n<p>U neredima su povrije\u0111ene 23 osobe, me\u0111u kojima je 17 policajaca i \u0161est gra\u0111ana, ka\u017eu u kantonalnom MUP-u.<\/p>\n<p>Prema posljednjim informacijama, uhap\u0161eno je 27 osoba protiv kojih \u0107e biti preduzete odgovaraju\u0107e mjere.<\/p>\n<p>Protest je okon\u010dan oko 17.00 \u010dasova. Na ulicama je vidljivo poja\u010dano prisustvo policije, koja je raspore\u0111ena na glavnim raskrsnicama nedaleko od zgrade Vlade, koja se nalazi u tuzlanskom naselju Slatina, javljaju feredalni mediji.<\/p>\n<p>Demonstranti su se danas sukobili sa policijom, nakon \u0161to nije postignut dogovor o sastanku delegacije radnika i gra\u0111ana i Vlade Tuzlanskog kantona koju su ga\u0111ali kamenjem i jajima.<\/p>\n<p>Nastavak demonstracija nezadovoljni Tuzlaci najavili su za sljede\u0107u srijedu.<\/p>\n","protected":false},"excerpt":{"rendered":"<p>Demonstracije nezadovoljnih radnika tuzlanskih industrijskih giganata i gra\u0111ana okon\u010dani su ve\u010deras ispred zgrade kantonalne Vlade, gdje su se ranije danas sukobili sa policijom. U neredima su povrije\u0111ene 23 osobe, me\u0111u kojima je 17 policajaca i \u0161est gra\u0111ana, ka\u017eu u kantonalnom MUP-u. Prema posljednjim informacijama, uhap\u0161eno je 27 osoba protiv kojih \u0107e biti preduzete odgovaraju\u0107e mjere. [&hellip;]<\/p>\n","protected":false},"author":1,"featured_media":0,"comment_status":"open","ping_status":"closed","sticky":false,"template":"","format":"standard","meta":{"_seopress_robots_primary_cat":"","_seopress_titles_title":"","_seopress_titles_desc":"","_seopress_robots_index":"","_et_pb_use_builder":"","_et_pb_old_content":"","_et_gb_content_width":"","inline_featured_image":false,"footnotes":""},"categories":[14],"tags":[],"class_list":["post-137032","post","type-post","status-publish","format-standard","hentry","category-vijesti"],"_links":{"self":[{"href":"https:\/\/www.pcnen.com\/portal\/wp-json\/wp\/v2\/posts\/137032","targetHints":{"allow":["GET"]}}],"collection":[{"href":"https:\/\/www.pcnen.com\/portal\/wp-json\/wp\/v2\/posts"}],"about":[{"href":"https:\/\/www.pcnen.com\/portal\/wp-json\/wp\/v2\/types\/post"}],"author":[{"embeddable":true,"href":"https:\/\/www.pcnen.com\/portal\/wp-json\/wp\/v2\/users\/1"}],"replies":[{"embeddable":true,"href":"https:\/\/www.pcnen.com\/portal\/wp-json\/wp\/v2\/comments?post=137032"}],"version-history":[{"count":0,"href":"https:\/\/www.pcnen.com\/portal\/wp-json\/wp\/v2\/posts\/137032\/revisions"}],"wp:attachment":[{"href":"https:\/\/www.pcnen.com\/portal\/wp-json\/wp\/v2\/media?parent=137032"}],"wp:term":[{"taxonomy":"category","embeddable":true,"href":"https:\/\/www.pcnen.com\/portal\/wp-json\/wp\/v2\/categories?post=137032"},{"taxonomy":"post_tag","embeddable":true,"href":"https:\/\/www.pcnen.com\/portal\/wp-json\/wp\/v2\/tags?post=137032"}],"curies":[{"name":"wp","href":"https:\/\/api.w.org\/{rel}","templated":true}]}}