{"id":137019,"date":"2014-02-05T19:37:00","date_gmt":"2014-02-05T18:37:00","guid":{"rendered":"http:\/\/www.pcnen.com\/portal\/?p=137019"},"modified":"2014-02-05T19:37:00","modified_gmt":"2014-02-05T18:37:00","slug":"evropski-sud-za-zlocine-ovk","status":"publish","type":"post","link":"https:\/\/www.pcnen.com\/portal\/2014\/02\/05\/evropski-sud-za-zlocine-ovk\/","title":{"rendered":"Evropski sud za zlo\u010dine OVK?"},"content":{"rendered":"<p><a href=\"http:\/\/www.pcnen.com\/portal\/wp-content\/uploads\/2013\/06\/pravda1.jpg\"><img loading=\"lazy\" decoding=\"async\" class=\"alignleft size-thumbnail wp-image-117098\" title=\"pravda\" src=\"http:\/\/www.pcnen.com\/portal\/wp-content\/uploads\/2013\/06\/pravda1-150x150.jpg\" alt=\"\" width=\"150\" height=\"150\" \/><\/a>Evropska unija je obavila konsultacije u vezi sa formiranjem posebnog suda koji \u0107e se baviti procesuiranjem optu\u017enica proisteklim iz istrage navodnih veza visokih funkcionera Oslobodila\u010dke vojske Kosova sa organizovanim kriminalom, pi\u0161e pri\u0161tinska <a href=\"http:\/\/www.gazetatribuna.com\/\" target=\"_blank\">Tribuna<\/a>, a prenose beogradski mediji.<\/p>\n<p>Sud bi, kako pi\u0161e pri\u0161tinski list, trebao da bude formiran do kraja godine.<\/p>\n<p>Nedjela kojima \u0107e se baviti ovaj sud istra\u017euje tim specijalnog tu\u017eioca EU Klinta Vilijamsona. Taj tim jo\u0161 ne \u017eeli da se izja\u0161njava o rezultatima komplikovane istrage, koja se iz Brisela vodi na Kosovu i u Albaniji.<\/p>\n<p>Prema navodima, prve optu\u017enice se o\u010dekuju u nekoliko narednih mjeseci, a njima \u0107e biti obuhva\u0107eno nekoliko najzna\u010dajnijih komandanata biv\u0161e OVK.<\/p>\n<p>Specijalni tim istra\u017eilaca, nazvan &#8220;Tim Marti&#8221; po izvjestiocu Savjeta Evrope Diku Martiju, navodno je istragom do\u0161ao do dokaza da je me\u0111u odgovornima i jedan od \u010dlanova Glavnog \u0161taba nekada\u0161nje OVK. Osim \u010dlana Glavnog \u0161taba, optu\u017eeni \u0107e biti i lokalni komandanti OVK.<\/p>\n<p>Za sada se ne pominje nijedno ime, ali je Njujorker u maju pro\u0161le godine kao glavnog organizatora \u010ditavog niza kriminalnih radnji ozna\u010dio Sabita Gecija, &#8220;Velikog gazdu&#8221; pri\u0161tinske mafije i jednog od biv\u0161ih komandanata OVK.<\/p>\n<p>Geci je 2011. godine osu\u0111en na 15 godina zatvora zbog ratnih zlo\u010dina po\u010dinjenih protiv civila u dva logora na sjeveru Albanije.<\/p>\n<p>Geci je jedan od osniva\u010da OVK, saradnik Ha\u0161ima Ta\u010dija, i \u010dovjek koji godinama slovi za \u0161efa mafije, a o \u010demu svjedo\u010di i njegov ratni nadimak &#8220;Big bos&#8221; ili &#8220;Veliki gazda&#8221;. Trenutno je u zatvoru.<\/p>\n<p>&nbsp;<\/p>\n","protected":false},"excerpt":{"rendered":"<p>Sud bi, kako pi\u0161e pri\u0161tinski list Tribuna, trebao da bude formiran do kraja godine.<\/p>\n","protected":false},"author":1,"featured_media":0,"comment_status":"open","ping_status":"closed","sticky":false,"template":"","format":"standard","meta":{"_seopress_robots_primary_cat":"","_seopress_titles_title":"","_seopress_titles_desc":"","_seopress_robots_index":"","_et_pb_use_builder":"","_et_pb_old_content":"","_et_gb_content_width":"","inline_featured_image":false,"footnotes":""},"categories":[14,12],"tags":[],"class_list":["post-137019","post","type-post","status-publish","format-standard","hentry","category-vijesti","category-prica-dana"],"_links":{"self":[{"href":"https:\/\/www.pcnen.com\/portal\/wp-json\/wp\/v2\/posts\/137019","targetHints":{"allow":["GET"]}}],"collection":[{"href":"https:\/\/www.pcnen.com\/portal\/wp-json\/wp\/v2\/posts"}],"about":[{"href":"https:\/\/www.pcnen.com\/portal\/wp-json\/wp\/v2\/types\/post"}],"author":[{"embeddable":true,"href":"https:\/\/www.pcnen.com\/portal\/wp-json\/wp\/v2\/users\/1"}],"replies":[{"embeddable":true,"href":"https:\/\/www.pcnen.com\/portal\/wp-json\/wp\/v2\/comments?post=137019"}],"version-history":[{"count":0,"href":"https:\/\/www.pcnen.com\/portal\/wp-json\/wp\/v2\/posts\/137019\/revisions"}],"wp:attachment":[{"href":"https:\/\/www.pcnen.com\/portal\/wp-json\/wp\/v2\/media?parent=137019"}],"wp:term":[{"taxonomy":"category","embeddable":true,"href":"https:\/\/www.pcnen.com\/portal\/wp-json\/wp\/v2\/categories?post=137019"},{"taxonomy":"post_tag","embeddable":true,"href":"https:\/\/www.pcnen.com\/portal\/wp-json\/wp\/v2\/tags?post=137019"}],"curies":[{"name":"wp","href":"https:\/\/api.w.org\/{rel}","templated":true}]}}