{"id":136832,"date":"2014-02-04T08:17:03","date_gmt":"2014-02-04T07:17:03","guid":{"rendered":"http:\/\/www.pcnen.com\/portal\/?p=136832"},"modified":"2014-02-04T08:17:03","modified_gmt":"2014-02-04T07:17:03","slug":"suncano-krajem-dana-naoblacenje","status":"publish","type":"post","link":"https:\/\/www.pcnen.com\/portal\/2014\/02\/04\/suncano-krajem-dana-naoblacenje\/","title":{"rendered":"Sun\u010dano, krajem dana naobla\u010denje"},"content":{"rendered":"<p>Danas \u0107e u Crnoj Gori biti prete\u017eno sun\u010dano, uz postepeno pove\u0107anje obla\u010dnosti u drugom dijelu dana, a tokom no\u0107i na primorju \u0107e ponegdje ki\u0161a, saop\u0161tio je Zavod za hidrometeorologiju i seizmologiju.<\/p>\n<p>Na sjeveru \u0107e ujutro biti slab do umjeren mraz, a po kotliinama je mogu\u0107a magla.<\/p>\n<p>Duva\u0107e vjetar slab do umjeren, ju\u017eni i jugoisto\u010dni, na primorju umjeren do poja\u010dan, isto\u010dnih smjerova.<\/p>\n<p>Jutarnja temperatura vazduha od -8 do 6, a najvi\u0161a dnevna od 4 do 14 stepeni.<\/p>\n","protected":false},"excerpt":{"rendered":"<p>Danas \u0107e u Crnoj Gori biti prete\u017eno sun\u010dano, uz postepeno pove\u0107anje obla\u010dnosti u drugom dijelu dana, a tokom no\u0107i na primorju \u0107e ponegdje ki\u0161a, saop\u0161tio je Zavod za hidrometeorologiju i seizmologiju. Na sjeveru \u0107e ujutro biti slab do umjeren mraz, a po kotliinama je mogu\u0107a magla. Duva\u0107e vjetar slab do umjeren, ju\u017eni i jugoisto\u010dni, na [&hellip;]<\/p>\n","protected":false},"author":1,"featured_media":0,"comment_status":"open","ping_status":"closed","sticky":false,"template":"","format":"standard","meta":{"_seopress_robots_primary_cat":"","_seopress_titles_title":"","_seopress_titles_desc":"","_seopress_robots_index":"","_et_pb_use_builder":"","_et_pb_old_content":"","_et_gb_content_width":"","inline_featured_image":false,"footnotes":""},"categories":[14],"tags":[],"class_list":["post-136832","post","type-post","status-publish","format-standard","hentry","category-vijesti"],"_links":{"self":[{"href":"https:\/\/www.pcnen.com\/portal\/wp-json\/wp\/v2\/posts\/136832","targetHints":{"allow":["GET"]}}],"collection":[{"href":"https:\/\/www.pcnen.com\/portal\/wp-json\/wp\/v2\/posts"}],"about":[{"href":"https:\/\/www.pcnen.com\/portal\/wp-json\/wp\/v2\/types\/post"}],"author":[{"embeddable":true,"href":"https:\/\/www.pcnen.com\/portal\/wp-json\/wp\/v2\/users\/1"}],"replies":[{"embeddable":true,"href":"https:\/\/www.pcnen.com\/portal\/wp-json\/wp\/v2\/comments?post=136832"}],"version-history":[{"count":0,"href":"https:\/\/www.pcnen.com\/portal\/wp-json\/wp\/v2\/posts\/136832\/revisions"}],"wp:attachment":[{"href":"https:\/\/www.pcnen.com\/portal\/wp-json\/wp\/v2\/media?parent=136832"}],"wp:term":[{"taxonomy":"category","embeddable":true,"href":"https:\/\/www.pcnen.com\/portal\/wp-json\/wp\/v2\/categories?post=136832"},{"taxonomy":"post_tag","embeddable":true,"href":"https:\/\/www.pcnen.com\/portal\/wp-json\/wp\/v2\/tags?post=136832"}],"curies":[{"name":"wp","href":"https:\/\/api.w.org\/{rel}","templated":true}]}}