{"id":132187,"date":"2013-12-11T12:53:49","date_gmt":"2013-12-11T11:53:49","guid":{"rendered":"http:\/\/www.pcnen.com\/portal\/?p=132187"},"modified":"2013-12-11T12:53:49","modified_gmt":"2013-12-11T11:53:49","slug":"glavatovic-crnogorsko-primorje-seizmicki-rizicno","status":"publish","type":"post","link":"https:\/\/www.pcnen.com\/portal\/2013\/12\/11\/glavatovic-crnogorsko-primorje-seizmicki-rizicno\/","title":{"rendered":"Glavatovi\u0107: Crnogorsko primorje seizmi\u010dki rizi\u010dno"},"content":{"rendered":"<p>Direktor Seizmilo\u0161kog zavoda Crne Gore Branislav Glavatovi\u0107 izjavio je da Podgorica sa svojom pozicijom nije toliko ugro\u017eena od zemljotresa, dok je crnogorsko primorje seizmi\u010dki rizi\u010dno.<\/p>\n<p>On je kazao da su zemljotresi, poput onog koji je sino\u0107 pogodio Podgoricu, \u010desta pojava na prostoru Dinarida, a mogu da nanesu manju materijalnu \u0161tetu starijim objektima.<\/p>\n<p>\u201eBilo bi dobro da je tih zemljotresa malo \u010de\u0161\u0107e, gledaju\u0107i s nau\u010dnog aspekta. Tada bi se prikupljena energija \u010de\u0161\u0107e praznila. Nastajali bi zemljotresi manje magnitude, ali \u010de\u0161\u0107i, \u0161to bi bilo manje opasno\u201c, naveo je Glavatovi\u0107.<\/p>\n<p>Prema njegovim rije\u010dima, seizmi\u010dki najkriti\u010dniji prostor Crne Gore je njeno podmorje.<\/p>\n<p>Na 10 do 15 kilometara od obale nalazi se tektonska zona u kojoj se intenzivno, prakti\u010dno svakodnevno doga\u0111aju zemljotresi, kazao je Glavatovi\u0107 Televiziji Crne Gore.<\/p>\n<p>On je naveo da Podgorica sa svojom pozicijom nije toliko ugro\u017eena, dodaju\u0107i da je stepen opasnosti po glavni grad Crne Gore osam jedinica Merkalijeve snage.<\/p>\n<p>To bi bio zemljotres koji mo\u017ee nanijeti materijanu \u0161tetu objektima u Podgorici, rekao je Glavatovi\u0107.<\/p>\n<p>Podgoricu je <a title=\"Zemljotres u Podgorici\" href=\"http:\/\/www.pcnen.com\/portal\/2013\/12\/10\/snazan-zemljotres-u-podgorici\/\">sino\u0107 pogodio zemljotres<\/a> ja\u010dine 4.4 stepena Rihterove skale. Potres je izazvao uznemirenost \u017eitelja glavnog grada Crne Gore, a metrijalne \u0161tete nije bilo.<\/p>\n","protected":false},"excerpt":{"rendered":"<p>Direktor Seizmilo\u0161kog zavoda Crne Gore Branislav Glavatovi\u0107 izjavio je da Podgorica sa svojom pozicijom nije toliko ugro\u017eena od zemljotresa, dok je crnogorsko primorje seizmi\u010dki rizi\u010dno. On je kazao da su zemljotresi, poput onog koji je sino\u0107 pogodio Podgoricu, \u010desta pojava na prostoru Dinarida, a mogu da nanesu manju materijalnu \u0161tetu starijim objektima. \u201eBilo bi dobro [&hellip;]<\/p>\n","protected":false},"author":1,"featured_media":0,"comment_status":"open","ping_status":"closed","sticky":false,"template":"","format":"standard","meta":{"_seopress_robots_primary_cat":"","_seopress_titles_title":"","_seopress_titles_desc":"","_seopress_robots_index":"","_et_pb_use_builder":"","_et_pb_old_content":"","_et_gb_content_width":"","inline_featured_image":false,"footnotes":""},"categories":[14],"tags":[],"class_list":["post-132187","post","type-post","status-publish","format-standard","hentry","category-vijesti"],"_links":{"self":[{"href":"https:\/\/www.pcnen.com\/portal\/wp-json\/wp\/v2\/posts\/132187","targetHints":{"allow":["GET"]}}],"collection":[{"href":"https:\/\/www.pcnen.com\/portal\/wp-json\/wp\/v2\/posts"}],"about":[{"href":"https:\/\/www.pcnen.com\/portal\/wp-json\/wp\/v2\/types\/post"}],"author":[{"embeddable":true,"href":"https:\/\/www.pcnen.com\/portal\/wp-json\/wp\/v2\/users\/1"}],"replies":[{"embeddable":true,"href":"https:\/\/www.pcnen.com\/portal\/wp-json\/wp\/v2\/comments?post=132187"}],"version-history":[{"count":0,"href":"https:\/\/www.pcnen.com\/portal\/wp-json\/wp\/v2\/posts\/132187\/revisions"}],"wp:attachment":[{"href":"https:\/\/www.pcnen.com\/portal\/wp-json\/wp\/v2\/media?parent=132187"}],"wp:term":[{"taxonomy":"category","embeddable":true,"href":"https:\/\/www.pcnen.com\/portal\/wp-json\/wp\/v2\/categories?post=132187"},{"taxonomy":"post_tag","embeddable":true,"href":"https:\/\/www.pcnen.com\/portal\/wp-json\/wp\/v2\/tags?post=132187"}],"curies":[{"name":"wp","href":"https:\/\/api.w.org\/{rel}","templated":true}]}}